{"id":18180,"date":"2025-04-01T13:42:42","date_gmt":"2025-04-01T11:42:42","guid":{"rendered":"https:\/\/zsp12.gliwice.pl\/pm7\/?p=18180"},"modified":"2025-04-01T13:43:03","modified_gmt":"2025-04-01T11:43:03","slug":"gliwicka-akademia-zdrowia-dzieci","status":"publish","type":"post","link":"https:\/\/zsp12.gliwice.pl\/pm7\/blog\/2025\/04\/01\/gliwicka-akademia-zdrowia-dzieci\/","title":{"rendered":"Gliwicka Akademia Zdrowia Dzieci"},"content":{"rendered":"<div><em>W sobotnie popo\u0142udnie, 29 marca w CH Forum odby\u0142a si\u0119 si\u00f3dma edycja Gliwickiej Akademii Zdrowia Dzieci. Wydarzenie promuje zdrowy i aktywny styl \u017cycia i profilaktyk\u0119 zdrowotn\u0105 w\u015br\u00f3d najm\u0142odszych mieszka\u0144c\u00f3w Gliwic.<\/em><\/div>\n<div><em>Nasz Zesp\u00f3l reprezentowa\u0142a grupa &#8220;Zdobywcy&#8221;, dzieci przedstawi\u0142y rymowank\u0119 o ruchu i zaprezentowa\u0142y dynamiczny taniec.<\/em><\/div>\n<div><em>Serdecznie dzi\u0119kujemy Pani Klaudii za opracowanie choreografii, Rodzicom za wsparcie i przybycie.<\/em><\/div>\n<div>&nbsp;<\/div>\n<div style=\"text-align: right\"><em>Aleksandra Janik<\/em><\/div>\n<div>\nngg_shortcode_0_placeholder<\/div>\n","protected":false},"excerpt":{"rendered":"<p>W sobotnie popo\u0142udnie, 29 marca w CH Forum odby\u0142a si\u0119 si\u00f3dma edycja Gliwickiej Akademii Zdrowia Dzieci. Wydarzenie promuje zdrowy i&#8230;<\/p>\n","protected":false},"author":2,"featured_media":18186,"comment_status":"open","ping_status":"open","sticky":false,"template":"","format":"standard","meta":{"inline_featured_image":false,"ngg_post_thumbnail":0,"footnotes":""},"categories":[4],"tags":[],"class_list":["post-18180","post","type-post","status-publish","format-standard","has-post-thumbnail","hentry","category-wydarzenia"],"_links":{"self":[{"href":"https:\/\/zsp12.gliwice.pl\/pm7\/wp-json\/wp\/v2\/posts\/18180"}],"collection":[{"href":"https:\/\/zsp12.gliwice.pl\/pm7\/wp-json\/wp\/v2\/posts"}],"about":[{"href":"https:\/\/zsp12.gliwice.pl\/pm7\/wp-json\/wp\/v2\/types\/post"}],"author":[{"embeddable":true,"href":"https:\/\/zsp12.gliwice.pl\/pm7\/wp-json\/wp\/v2\/users\/2"}],"replies":[{"embeddable":true,"href":"https:\/\/zsp12.gliwice.pl\/pm7\/wp-json\/wp\/v2\/comments?post=18180"}],"version-history":[{"count":2,"href":"https:\/\/zsp12.gliwice.pl\/pm7\/wp-json\/wp\/v2\/posts\/18180\/revisions"}],"predecessor-version":[{"id":18188,"href":"https:\/\/zsp12.gliwice.pl\/pm7\/wp-json\/wp\/v2\/posts\/18180\/revisions\/18188"}],"wp:featuredmedia":[{"embeddable":true,"href":"https:\/\/zsp12.gliwice.pl\/pm7\/wp-json\/wp\/v2\/media\/18186"}],"wp:attachment":[{"href":"https:\/\/zsp12.gliwice.pl\/pm7\/wp-json\/wp\/v2\/media?parent=18180"}],"wp:term":[{"taxonomy":"category","embeddable":true,"href":"https:\/\/zsp12.gliwice.pl\/pm7\/wp-json\/wp\/v2\/categories?post=18180"},{"taxonomy":"post_tag","embeddable":true,"href":"https:\/\/zsp12.gliwice.pl\/pm7\/wp-json\/wp\/v2\/tags?post=18180"}],"curies":[{"name":"wp","href":"https:\/\/api.w.org\/{rel}","templated":true}]}}