{"id":18134,"date":"2025-03-19T08:19:49","date_gmt":"2025-03-19T07:19:49","guid":{"rendered":"https:\/\/zsp12.gliwice.pl\/pm7\/?p=18134"},"modified":"2025-03-19T08:20:03","modified_gmt":"2025-03-19T07:20:03","slug":"dzien-bardzo-glodnej-gasienicy","status":"publish","type":"post","link":"https:\/\/zsp12.gliwice.pl\/pm7\/blog\/2025\/03\/19\/dzien-bardzo-glodnej-gasienicy\/","title":{"rendered":"Dzie\u0144 bardzo g\u0142odnej g\u0105sienicy"},"content":{"rendered":"<div><em><img loading=\"lazy\" decoding=\"async\" class=\"an1\" src=\"https:\/\/fonts.gstatic.com\/s\/e\/notoemoji\/16.0\/1f41b\/72.png\" alt=\"\ud83d\udc1b\" width=\"21\" height=\"21\" data-emoji=\"\ud83d\udc1b\" aria-label=\"\ud83d\udc1b\"> Serdecznie zapraszamy do galerii zdj\u0119\u0107 z zaj\u0119\u0107 j. niemieckiego w przedszkolu. Ka\u017cda grupa z rado\u015bci\u0105 \u015bwi\u0119towa\u0142a &#8220;Dzie\u0144 bardzo g\u0142odnej g\u0105sienicy&#8221;, kt\u00f3ry obchodzony jest 20.03. W lekcji uczestniczy\u0142y 3 g\u0105sienice: interaktywna niemieckoj\u0119zyczna, pluszowa i zrobiona przez Pani\u0105 Sylwi\u0119 specjalnie na t\u0119 okazj\u0119 pacynka. By\u0142y ksi\u0105\u017ceczki, filmy, prace plastyczne i du\u017co wi\u0119cej:)<img loading=\"lazy\" decoding=\"async\" class=\"an1\" src=\"https:\/\/fonts.gstatic.com\/s\/e\/notoemoji\/16.0\/1f41b\/72.png\" alt=\"\ud83d\udc1b\" width=\"21\" height=\"21\" data-emoji=\"\ud83d\udc1b\" aria-label=\"\ud83d\udc1b\"><\/em><\/div>\n<div>&nbsp;<\/div>\n<div style=\"text-align: right\"><em>M.Pr\u0105tnicka<\/em><\/div>\n<div style=\"text-align: right\"><em>J.Wardencka &#8211; Iwan<\/em><\/div>\n<div>ngg_shortcode_0_placeholder<\/div>\n","protected":false},"excerpt":{"rendered":"<p>Serdecznie zapraszamy do galerii zdj\u0119\u0107 z zaj\u0119\u0107 j. niemieckiego w przedszkolu. Ka\u017cda grupa z rado\u015bci\u0105 \u015bwi\u0119towa\u0142a &#8220;Dzie\u0144 bardzo g\u0142odnej g\u0105sienicy&#8221;,&#8230;<\/p>\n","protected":false},"author":2,"featured_media":18155,"comment_status":"open","ping_status":"open","sticky":false,"template":"","format":"standard","meta":{"inline_featured_image":false,"ngg_post_thumbnail":0,"footnotes":""},"categories":[4],"tags":[],"class_list":["post-18134","post","type-post","status-publish","format-standard","has-post-thumbnail","hentry","category-wydarzenia"],"_links":{"self":[{"href":"https:\/\/zsp12.gliwice.pl\/pm7\/wp-json\/wp\/v2\/posts\/18134"}],"collection":[{"href":"https:\/\/zsp12.gliwice.pl\/pm7\/wp-json\/wp\/v2\/posts"}],"about":[{"href":"https:\/\/zsp12.gliwice.pl\/pm7\/wp-json\/wp\/v2\/types\/post"}],"author":[{"embeddable":true,"href":"https:\/\/zsp12.gliwice.pl\/pm7\/wp-json\/wp\/v2\/users\/2"}],"replies":[{"embeddable":true,"href":"https:\/\/zsp12.gliwice.pl\/pm7\/wp-json\/wp\/v2\/comments?post=18134"}],"version-history":[{"count":1,"href":"https:\/\/zsp12.gliwice.pl\/pm7\/wp-json\/wp\/v2\/posts\/18134\/revisions"}],"predecessor-version":[{"id":18156,"href":"https:\/\/zsp12.gliwice.pl\/pm7\/wp-json\/wp\/v2\/posts\/18134\/revisions\/18156"}],"wp:featuredmedia":[{"embeddable":true,"href":"https:\/\/zsp12.gliwice.pl\/pm7\/wp-json\/wp\/v2\/media\/18155"}],"wp:attachment":[{"href":"https:\/\/zsp12.gliwice.pl\/pm7\/wp-json\/wp\/v2\/media?parent=18134"}],"wp:term":[{"taxonomy":"category","embeddable":true,"href":"https:\/\/zsp12.gliwice.pl\/pm7\/wp-json\/wp\/v2\/categories?post=18134"},{"taxonomy":"post_tag","embeddable":true,"href":"https:\/\/zsp12.gliwice.pl\/pm7\/wp-json\/wp\/v2\/tags?post=18134"}],"curies":[{"name":"wp","href":"https:\/\/api.w.org\/{rel}","templated":true}]}}