{"id":18042,"date":"2025-03-18T09:11:00","date_gmt":"2025-03-18T08:11:00","guid":{"rendered":"https:\/\/zsp12.gliwice.pl\/pm7\/?p=18042"},"modified":"2025-03-18T09:11:01","modified_gmt":"2025-03-18T08:11:01","slug":"dzien-swietego-patryka-w-pm7-3","status":"publish","type":"post","link":"https:\/\/zsp12.gliwice.pl\/pm7\/blog\/2025\/03\/18\/dzien-swietego-patryka-w-pm7-3\/","title":{"rendered":"Dzie\u0144 \u015awi\u0119tego Patryka w PM7"},"content":{"rendered":"<p><em>Dzie\u0144 \u015awi\u0119tego w PM7, stanowi \u015bwietn\u0105 okazj\u0119 do poznawania historii i kultury Irlandii, przedszkolaki zaznajomi\u0142y si\u0119 z symbolami tej Zielonej Wyspy, takimi jak tr\u00f3jlistna koniczyna <\/em><em><img loading=\"lazy\" decoding=\"async\" class=\"an1\" src=\"https:\/\/fonts.gstatic.com\/s\/e\/notoemoji\/16.0\/2618_fe0f\/72.png\" alt=\"\u2618\ufe0f\" width=\"18\" height=\"18\" data-emoji=\"\u2618\ufe0f\" aria-label=\"\u2618\ufe0f\"><\/em><em>, kolor zielony, flaga&nbsp;<\/em><em><img loading=\"lazy\" decoding=\"async\" class=\"an1\" src=\"https:\/\/fonts.gstatic.com\/s\/e\/notoemoji\/16.0\/1f1e8_1f1ee\/72.png\" alt=\"\ud83c\udde8\ud83c\uddee\" width=\"20\" height=\"20\" data-emoji=\"\ud83c\udde8\ud83c\uddee\" aria-label=\"\ud83c\udde8\ud83c\uddee\"><\/em><em> oraz posta\u0107 \u015aw. Patryka i ma\u0142ego skrzata Irlandii o imieniu Leprechaun, kt\u00f3ry, jak g\u0142osi legenda, ukrywa z\u0142oto na ko\u0144cu t\u0119czy \ud83c\udf08.<\/em><\/p>\n<p style=\"text-align: right\"><em>Katarzyna Szymanek<\/em><\/p>\nngg_shortcode_0_placeholder\n","protected":false},"excerpt":{"rendered":"<p>Dzie\u0144 \u015awi\u0119tego w PM7, stanowi \u015bwietn\u0105 okazj\u0119 do poznawania historii i kultury Irlandii, przedszkolaki zaznajomi\u0142y si\u0119 z symbolami tej Zielonej&#8230;<\/p>\n","protected":false},"author":2,"featured_media":18130,"comment_status":"open","ping_status":"open","sticky":false,"template":"","format":"standard","meta":{"inline_featured_image":false,"ngg_post_thumbnail":0,"footnotes":""},"categories":[17],"tags":[],"class_list":["post-18042","post","type-post","status-publish","format-standard","has-post-thumbnail","hentry","category-informacje"],"_links":{"self":[{"href":"https:\/\/zsp12.gliwice.pl\/pm7\/wp-json\/wp\/v2\/posts\/18042"}],"collection":[{"href":"https:\/\/zsp12.gliwice.pl\/pm7\/wp-json\/wp\/v2\/posts"}],"about":[{"href":"https:\/\/zsp12.gliwice.pl\/pm7\/wp-json\/wp\/v2\/types\/post"}],"author":[{"embeddable":true,"href":"https:\/\/zsp12.gliwice.pl\/pm7\/wp-json\/wp\/v2\/users\/2"}],"replies":[{"embeddable":true,"href":"https:\/\/zsp12.gliwice.pl\/pm7\/wp-json\/wp\/v2\/comments?post=18042"}],"version-history":[{"count":1,"href":"https:\/\/zsp12.gliwice.pl\/pm7\/wp-json\/wp\/v2\/posts\/18042\/revisions"}],"predecessor-version":[{"id":18097,"href":"https:\/\/zsp12.gliwice.pl\/pm7\/wp-json\/wp\/v2\/posts\/18042\/revisions\/18097"}],"wp:featuredmedia":[{"embeddable":true,"href":"https:\/\/zsp12.gliwice.pl\/pm7\/wp-json\/wp\/v2\/media\/18130"}],"wp:attachment":[{"href":"https:\/\/zsp12.gliwice.pl\/pm7\/wp-json\/wp\/v2\/media?parent=18042"}],"wp:term":[{"taxonomy":"category","embeddable":true,"href":"https:\/\/zsp12.gliwice.pl\/pm7\/wp-json\/wp\/v2\/categories?post=18042"},{"taxonomy":"post_tag","embeddable":true,"href":"https:\/\/zsp12.gliwice.pl\/pm7\/wp-json\/wp\/v2\/tags?post=18042"}],"curies":[{"name":"wp","href":"https:\/\/api.w.org\/{rel}","templated":true}]}}