{"id":18031,"date":"2025-03-13T15:17:40","date_gmt":"2025-03-13T14:17:40","guid":{"rendered":"https:\/\/zsp12.gliwice.pl\/pm7\/?p=18031"},"modified":"2025-03-13T15:17:58","modified_gmt":"2025-03-13T14:17:58","slug":"dinozaury-zawitaly-do-przedszkola-podczas-zajec-j-niemieckiego","status":"publish","type":"post","link":"https:\/\/zsp12.gliwice.pl\/pm7\/blog\/2025\/03\/13\/dinozaury-zawitaly-do-przedszkola-podczas-zajec-j-niemieckiego\/","title":{"rendered":"Dinozaury zawita\u0142y do przedszkola podczas zaj\u0119\u0107 j. niemieckiego\u00a0"},"content":{"rendered":"<div><em><img loading=\"lazy\" decoding=\"async\" class=\"an1\" src=\"https:\/\/fonts.gstatic.com\/s\/e\/notoemoji\/16.0\/1f996\/72.png\" alt=\"\ud83e\udd96\" width=\"22\" height=\"22\" data-emoji=\"\ud83e\udd96\" aria-label=\"\ud83e\udd96\"> W zesz\u0142ym tygodniu Dinozaury zawita\u0142y do przedszkola podczas zaj\u0119\u0107 j. niemieckiego&nbsp;<img loading=\"lazy\" decoding=\"async\" class=\"an1\" src=\"https:\/\/fonts.gstatic.com\/s\/e\/notoemoji\/16.0\/1f995\/72.png\" alt=\"\ud83e\udd95\" width=\"22\" height=\"22\" data-emoji=\"\ud83e\udd95\" aria-label=\"\ud83e\udd95\">&nbsp;Poznali\u015bmy niemieckie nazwy, s\u0142uchali\u015bmy piosenek, robili\u015bmy maski i przede wszystkim dobrze si\u0119 bawili\u015bmy:)&nbsp;<img loading=\"lazy\" decoding=\"async\" class=\"an1\" src=\"https:\/\/fonts.gstatic.com\/s\/e\/notoemoji\/16.0\/1f1e9_1f1ea\/72.png\" alt=\"\ud83c\udde9\ud83c\uddea\" width=\"20\" height=\"20\" data-emoji=\"\ud83c\udde9\ud83c\uddea\" aria-label=\"\ud83c\udde9\ud83c\uddea\"><\/em><\/div>\n<div>&nbsp;<\/div>\n<div style=\"text-align: right\"><em>M.Pr\u0105tnicka<\/em><\/div>\n<div style=\"text-align: right\"><em>J. Wardencka &#8211; Iwan<\/em><\/div>\n<div>ngg_shortcode_0_placeholder<\/div>\n","protected":false},"excerpt":{"rendered":"<p>W zesz\u0142ym tygodniu Dinozaury zawita\u0142y do przedszkola podczas zaj\u0119\u0107 j. niemieckiego&nbsp;&nbsp;Poznali\u015bmy niemieckie nazwy, s\u0142uchali\u015bmy piosenek, robili\u015bmy maski i przede wszystkim&#8230;<\/p>\n","protected":false},"author":2,"featured_media":18040,"comment_status":"open","ping_status":"open","sticky":false,"template":"","format":"standard","meta":{"inline_featured_image":false,"ngg_post_thumbnail":0,"footnotes":""},"categories":[4],"tags":[],"class_list":["post-18031","post","type-post","status-publish","format-standard","has-post-thumbnail","hentry","category-wydarzenia"],"_links":{"self":[{"href":"https:\/\/zsp12.gliwice.pl\/pm7\/wp-json\/wp\/v2\/posts\/18031"}],"collection":[{"href":"https:\/\/zsp12.gliwice.pl\/pm7\/wp-json\/wp\/v2\/posts"}],"about":[{"href":"https:\/\/zsp12.gliwice.pl\/pm7\/wp-json\/wp\/v2\/types\/post"}],"author":[{"embeddable":true,"href":"https:\/\/zsp12.gliwice.pl\/pm7\/wp-json\/wp\/v2\/users\/2"}],"replies":[{"embeddable":true,"href":"https:\/\/zsp12.gliwice.pl\/pm7\/wp-json\/wp\/v2\/comments?post=18031"}],"version-history":[{"count":1,"href":"https:\/\/zsp12.gliwice.pl\/pm7\/wp-json\/wp\/v2\/posts\/18031\/revisions"}],"predecessor-version":[{"id":18041,"href":"https:\/\/zsp12.gliwice.pl\/pm7\/wp-json\/wp\/v2\/posts\/18031\/revisions\/18041"}],"wp:featuredmedia":[{"embeddable":true,"href":"https:\/\/zsp12.gliwice.pl\/pm7\/wp-json\/wp\/v2\/media\/18040"}],"wp:attachment":[{"href":"https:\/\/zsp12.gliwice.pl\/pm7\/wp-json\/wp\/v2\/media?parent=18031"}],"wp:term":[{"taxonomy":"category","embeddable":true,"href":"https:\/\/zsp12.gliwice.pl\/pm7\/wp-json\/wp\/v2\/categories?post=18031"},{"taxonomy":"post_tag","embeddable":true,"href":"https:\/\/zsp12.gliwice.pl\/pm7\/wp-json\/wp\/v2\/tags?post=18031"}],"curies":[{"name":"wp","href":"https:\/\/api.w.org\/{rel}","templated":true}]}}