{"id":17980,"date":"2025-03-11T07:22:22","date_gmt":"2025-03-11T06:22:22","guid":{"rendered":"https:\/\/zsp12.gliwice.pl\/pm7\/?p=17980"},"modified":"2025-03-11T07:25:19","modified_gmt":"2025-03-11T06:25:19","slug":"dzien-kobiet-i-mezczyzn-w-pm7-2","status":"publish","type":"post","link":"https:\/\/zsp12.gliwice.pl\/pm7\/blog\/2025\/03\/11\/dzien-kobiet-i-mezczyzn-w-pm7-2\/","title":{"rendered":"Dzie\u0144 Kobiet i M\u0119\u017cczyzn w PM7"},"content":{"rendered":"<p><em>Dzie\u0144 Kobiet to wyj\u0105tkowy dzie\u0144, wa\u017cny dla wszystkich kobiet, zar\u00f3wno tych du\u017cych, jak i ma\u0142ych, 7 marca odby\u0142a si\u0119 uroczysto\u015b\u0107 z tej okazji. Radosna atmosfera panowa\u0142a ju\u017c od samego rana. W tym szczeg\u00f3lnym dniu wszystkie kobietki otrzyma\u0142y serdeczne \u017cyczenia i upominki.<\/em><\/p>\n<p style=\"text-align: right\"><em>Magdalena Rewucka<\/em><\/p>\n<p><em>Tego dnia r\u00f3wnie\u017c swoje \u015bwi\u0119to obchodzili wszyscy panowie z okazji Dnia M\u0119\u017cczyzny, wszystkim du\u017cym i mniejszym ch\u0142opcom \u017cyczmy by\u015bcie byli szcz\u0119\u015bliwi, ro\u015bnijcie zdrowo i niech ka\u017cdy dzie\u0144 daje do zabaw gotowo\u015b\u0107 \ud83d\ude42<\/em><\/p>\n<p style=\"text-align: right\"><em>Katarzyna Szymanek<\/em><\/p>\nngg_shortcode_0_placeholder\n","protected":false},"excerpt":{"rendered":"<p>Dzie\u0144 Kobiet to wyj\u0105tkowy dzie\u0144, wa\u017cny dla wszystkich kobiet, zar\u00f3wno tych du\u017cych, jak i ma\u0142ych, 7 marca odby\u0142a si\u0119 uroczysto\u015b\u0107&#8230;<\/p>\n","protected":false},"author":2,"featured_media":18025,"comment_status":"open","ping_status":"open","sticky":false,"template":"","format":"standard","meta":{"inline_featured_image":false,"ngg_post_thumbnail":0,"footnotes":""},"categories":[4],"tags":[],"class_list":["post-17980","post","type-post","status-publish","format-standard","has-post-thumbnail","hentry","category-wydarzenia"],"_links":{"self":[{"href":"https:\/\/zsp12.gliwice.pl\/pm7\/wp-json\/wp\/v2\/posts\/17980"}],"collection":[{"href":"https:\/\/zsp12.gliwice.pl\/pm7\/wp-json\/wp\/v2\/posts"}],"about":[{"href":"https:\/\/zsp12.gliwice.pl\/pm7\/wp-json\/wp\/v2\/types\/post"}],"author":[{"embeddable":true,"href":"https:\/\/zsp12.gliwice.pl\/pm7\/wp-json\/wp\/v2\/users\/2"}],"replies":[{"embeddable":true,"href":"https:\/\/zsp12.gliwice.pl\/pm7\/wp-json\/wp\/v2\/comments?post=17980"}],"version-history":[{"count":1,"href":"https:\/\/zsp12.gliwice.pl\/pm7\/wp-json\/wp\/v2\/posts\/17980\/revisions"}],"predecessor-version":[{"id":18026,"href":"https:\/\/zsp12.gliwice.pl\/pm7\/wp-json\/wp\/v2\/posts\/17980\/revisions\/18026"}],"wp:featuredmedia":[{"embeddable":true,"href":"https:\/\/zsp12.gliwice.pl\/pm7\/wp-json\/wp\/v2\/media\/18025"}],"wp:attachment":[{"href":"https:\/\/zsp12.gliwice.pl\/pm7\/wp-json\/wp\/v2\/media?parent=17980"}],"wp:term":[{"taxonomy":"category","embeddable":true,"href":"https:\/\/zsp12.gliwice.pl\/pm7\/wp-json\/wp\/v2\/categories?post=17980"},{"taxonomy":"post_tag","embeddable":true,"href":"https:\/\/zsp12.gliwice.pl\/pm7\/wp-json\/wp\/v2\/tags?post=17980"}],"curies":[{"name":"wp","href":"https:\/\/api.w.org\/{rel}","templated":true}]}}