{"id":17861,"date":"2025-03-07T16:12:16","date_gmt":"2025-03-07T15:12:16","guid":{"rendered":"https:\/\/zsp12.gliwice.pl\/pm7\/?p=17861"},"modified":"2025-03-07T16:16:50","modified_gmt":"2025-03-07T15:16:50","slug":"europejski-dzien-logopedy-3","status":"publish","type":"post","link":"https:\/\/zsp12.gliwice.pl\/pm7\/blog\/2025\/03\/07\/europejski-dzien-logopedy-3\/","title":{"rendered":"Europejski Dzie\u0144 logopedy"},"content":{"rendered":"\n<p><em>6 marca obchodzili\u015bmy Europejski Dzie\u0144 Logopedy. \u015awi\u0119to to w Polsce istnieje od 2007 roku. Jego celem jest upowszechnienie wiedzy zwi\u0105zanej z problemami komunikacyjnymi ludzi w ca\u0142ej Europie. Chodzi te\u017c o uhonorowanie wszystkich terapeut\u00f3w pracuj\u0105cych nad wymow\u0105, dykcj\u0105 oraz zasadami prawid\u0142owej komunikacji, a tak\u017ce o podkre\u015blenie wagi tego zawodu w dzisiejszym \u015bwiecie.<\/em><\/p>\n\n\n\n<p><em>Z tej okazji w Naszej Plac\u00f3wce \u2013 ZSP12 odby\u0142y si\u0119 gry i zabawy logopedyczne. Najstarsze grupy przedszkolak\u00f3w: Zdobywcy i Odkrywcy zastanawiali si\u0119 co jest potrzebne do dobrej wymowy, czy g\u0142os potrzebuje oddechu i czy s\u0142uch ma zwi\u0105zek z mow\u0105, a tak\u017ce czy struny g\u0142osowe brzmi\u0105 jak te w gitarze\u2026 By\u0142y te\u017c s\u0142odkie zabawy \u0107wicz\u0105ce buzi\u0119 i j\u0119zyk oraz aktywne s\u0142uchanie wierszy Jana Brzechwy, by s\u0142owo m\u00f3wione by\u0142o te\u017c s\u0142owem zrozumianym! A dzieci starsze, uczestnicz\u0105ce na co dzie\u0144 w zaj\u0119ciach logopedycznych, stworzy\u0142y wsp\u00f3lny plakat, pt.: Co my\u015bl\u0119 o logopedii? Opinie by\u0142y zr\u00f3\u017cnicowane, bo \u0107wiczenia logopedyczne wcale nie s\u0105 takie proste!<\/em><\/p>\n\n\n\n<p class=\"has-text-align-right\"><em>Katarzyna Jakubowska<\/em><\/p>\n\n\n\nngg_shortcode_0_placeholder\n","protected":false},"excerpt":{"rendered":"<p>6 marca obchodzili\u015bmy Europejski Dzie\u0144 Logopedy. \u015awi\u0119to to w Polsce istnieje od 2007 roku. Jego celem jest upowszechnienie wiedzy zwi\u0105zanej&#8230;<\/p>\n","protected":false},"author":2,"featured_media":17878,"comment_status":"open","ping_status":"open","sticky":false,"template":"","format":"standard","meta":{"inline_featured_image":false,"ngg_post_thumbnail":0,"footnotes":""},"categories":[4],"tags":[],"class_list":["post-17861","post","type-post","status-publish","format-standard","has-post-thumbnail","hentry","category-wydarzenia"],"_links":{"self":[{"href":"https:\/\/zsp12.gliwice.pl\/pm7\/wp-json\/wp\/v2\/posts\/17861"}],"collection":[{"href":"https:\/\/zsp12.gliwice.pl\/pm7\/wp-json\/wp\/v2\/posts"}],"about":[{"href":"https:\/\/zsp12.gliwice.pl\/pm7\/wp-json\/wp\/v2\/types\/post"}],"author":[{"embeddable":true,"href":"https:\/\/zsp12.gliwice.pl\/pm7\/wp-json\/wp\/v2\/users\/2"}],"replies":[{"embeddable":true,"href":"https:\/\/zsp12.gliwice.pl\/pm7\/wp-json\/wp\/v2\/comments?post=17861"}],"version-history":[{"count":2,"href":"https:\/\/zsp12.gliwice.pl\/pm7\/wp-json\/wp\/v2\/posts\/17861\/revisions"}],"predecessor-version":[{"id":17880,"href":"https:\/\/zsp12.gliwice.pl\/pm7\/wp-json\/wp\/v2\/posts\/17861\/revisions\/17880"}],"wp:featuredmedia":[{"embeddable":true,"href":"https:\/\/zsp12.gliwice.pl\/pm7\/wp-json\/wp\/v2\/media\/17878"}],"wp:attachment":[{"href":"https:\/\/zsp12.gliwice.pl\/pm7\/wp-json\/wp\/v2\/media?parent=17861"}],"wp:term":[{"taxonomy":"category","embeddable":true,"href":"https:\/\/zsp12.gliwice.pl\/pm7\/wp-json\/wp\/v2\/categories?post=17861"},{"taxonomy":"post_tag","embeddable":true,"href":"https:\/\/zsp12.gliwice.pl\/pm7\/wp-json\/wp\/v2\/tags?post=17861"}],"curies":[{"name":"wp","href":"https:\/\/api.w.org\/{rel}","templated":true}]}}