{"id":17713,"date":"2025-02-21T14:39:20","date_gmt":"2025-02-21T13:39:20","guid":{"rendered":"https:\/\/zsp12.gliwice.pl\/pm7\/?p=17713"},"modified":"2025-03-10T10:08:34","modified_gmt":"2025-03-10T09:08:34","slug":"bal-karnawalowy-w-pm7-4","status":"publish","type":"post","link":"https:\/\/zsp12.gliwice.pl\/pm7\/blog\/2025\/02\/21\/bal-karnawalowy-w-pm7-4\/","title":{"rendered":"Bal karnawa\u0142owy w PM7"},"content":{"rendered":"<div dir=\"auto\"><em>Bal karnawa\u0142owy 2025 w Przedszkolu Miejskim nr 7 przechodzi do historii&nbsp;<img loading=\"lazy\" decoding=\"async\" class=\"an1\" src=\"https:\/\/fonts.gstatic.com\/s\/e\/notoemoji\/16.0\/1f38a\/72.png\" alt=\"\ud83c\udf8a\" width=\"21\" height=\"21\" data-emoji=\"\ud83c\udf8a\" aria-label=\"\ud83c\udf8a\">, w tym dniu ka\u017cdy mo\u017ce przez chwil\u0119 by\u0107 kim zechce, marzenia nie maj\u0105 granic, a energiczna muzyka porywa do ta\u0144ca wszystkich uczestnik\u00f3w bez wyj\u0105tku&nbsp;<img loading=\"lazy\" decoding=\"async\" class=\"an1\" src=\"https:\/\/fonts.gstatic.com\/s\/e\/notoemoji\/16.0\/1f609\/72.png\" alt=\"\ud83d\ude09\" width=\"19\" height=\"19\" data-emoji=\"\ud83d\ude09\" aria-label=\"\ud83d\ude09\"> <\/em><em>Dzi\u0119kujemy Radzie Rodzic\u00f3w, Dyrekcji oraz Pracownikom za pomoc w organizacji tego tanecznego wydarzenia&nbsp;<img loading=\"lazy\" decoding=\"async\" class=\"an1\" src=\"https:\/\/fonts.gstatic.com\/s\/e\/notoemoji\/16.0\/1f389\/72.png\" alt=\"\ud83c\udf89\" width=\"19\" height=\"19\" data-emoji=\"\ud83c\udf89\" aria-label=\"\ud83c\udf89\"><\/em><\/div>\n<div dir=\"auto\">&nbsp;<\/div>\n<div dir=\"auto\" style=\"text-align: right\"><em>Katarzyna Szymanek<\/em><\/div>\n<div dir=\"auto\">\nngg_shortcode_0_placeholder<\/div>\n<div dir=\"auto\">&nbsp;<\/div>\n","protected":false},"excerpt":{"rendered":"<p>Bal karnawa\u0142owy 2025 w Przedszkolu Miejskim nr 7 przechodzi do historii&nbsp;, w tym dniu ka\u017cdy mo\u017ce przez chwil\u0119 by\u0107 kim&#8230;<\/p>\n","protected":false},"author":2,"featured_media":17801,"comment_status":"open","ping_status":"open","sticky":false,"template":"","format":"standard","meta":{"inline_featured_image":false,"ngg_post_thumbnail":0,"footnotes":""},"categories":[17],"tags":[],"class_list":["post-17713","post","type-post","status-publish","format-standard","has-post-thumbnail","hentry","category-informacje"],"_links":{"self":[{"href":"https:\/\/zsp12.gliwice.pl\/pm7\/wp-json\/wp\/v2\/posts\/17713"}],"collection":[{"href":"https:\/\/zsp12.gliwice.pl\/pm7\/wp-json\/wp\/v2\/posts"}],"about":[{"href":"https:\/\/zsp12.gliwice.pl\/pm7\/wp-json\/wp\/v2\/types\/post"}],"author":[{"embeddable":true,"href":"https:\/\/zsp12.gliwice.pl\/pm7\/wp-json\/wp\/v2\/users\/2"}],"replies":[{"embeddable":true,"href":"https:\/\/zsp12.gliwice.pl\/pm7\/wp-json\/wp\/v2\/comments?post=17713"}],"version-history":[{"count":2,"href":"https:\/\/zsp12.gliwice.pl\/pm7\/wp-json\/wp\/v2\/posts\/17713\/revisions"}],"predecessor-version":[{"id":17802,"href":"https:\/\/zsp12.gliwice.pl\/pm7\/wp-json\/wp\/v2\/posts\/17713\/revisions\/17802"}],"wp:featuredmedia":[{"embeddable":true,"href":"https:\/\/zsp12.gliwice.pl\/pm7\/wp-json\/wp\/v2\/media\/17801"}],"wp:attachment":[{"href":"https:\/\/zsp12.gliwice.pl\/pm7\/wp-json\/wp\/v2\/media?parent=17713"}],"wp:term":[{"taxonomy":"category","embeddable":true,"href":"https:\/\/zsp12.gliwice.pl\/pm7\/wp-json\/wp\/v2\/categories?post=17713"},{"taxonomy":"post_tag","embeddable":true,"href":"https:\/\/zsp12.gliwice.pl\/pm7\/wp-json\/wp\/v2\/tags?post=17713"}],"curies":[{"name":"wp","href":"https:\/\/api.w.org\/{rel}","templated":true}]}}