{"id":17701,"date":"2025-02-11T12:51:03","date_gmt":"2025-02-11T11:51:03","guid":{"rendered":"https:\/\/zsp12.gliwice.pl\/pm7\/?p=17701"},"modified":"2025-02-11T13:00:13","modified_gmt":"2025-02-11T12:00:13","slug":"informacja-w-sprawie-zamiaru-przeksztalcenia-przedszkola-miejskiego-nr-7-w-gliwicach-w-zespole-szkolno-przedszkolnym-nr-12-w-gliwicach-przy-ul-lipowej-29-poprzez-likwidacje-dodatkowej-lokalizacji","status":"publish","type":"post","link":"https:\/\/zsp12.gliwice.pl\/pm7\/blog\/2025\/02\/11\/informacja-w-sprawie-zamiaru-przeksztalcenia-przedszkola-miejskiego-nr-7-w-gliwicach-w-zespole-szkolno-przedszkolnym-nr-12-w-gliwicach-przy-ul-lipowej-29-poprzez-likwidacje-dodatkowej-lokalizacji\/","title":{"rendered":"Informacja w sprawie zamiaru przekszta\u0142cenia Przedszkola Miejskiego  nr 7 w Gliwicach w Zespole Szkolno &#8211; Przedszkolnym nr 12 w Gliwicach przy ul. Lipowej 29 poprzez likwidacj\u0119 dodatkowej lokalizacji prowadzenia zaj\u0119\u0107 dydaktycznych, wychowawczych i opieku\u0144czych oraz zmian\u0119 siedziby"},"content":{"rendered":"\n<figure class=\"wp-block-image size-full\"><img loading=\"lazy\" decoding=\"async\" width=\"641\" height=\"901\" src=\"https:\/\/zsp12.gliwice.pl\/pm7\/wp-content\/uploads\/sites\/7\/2025\/02\/Informacja-1.png\" alt=\"\" class=\"wp-image-17703\" \/><\/figure>\n\n\n\n<figure class=\"wp-block-image size-full\"><img loading=\"lazy\" decoding=\"async\" width=\"648\" height=\"866\" src=\"https:\/\/zsp12.gliwice.pl\/pm7\/wp-content\/uploads\/sites\/7\/2025\/02\/Informacja-2.png\" alt=\"\" class=\"wp-image-17704\" \/><\/figure>\n","protected":false},"excerpt":{"rendered":"","protected":false},"author":11,"featured_media":17706,"comment_status":"open","ping_status":"open","sticky":false,"template":"","format":"standard","meta":{"inline_featured_image":false,"ngg_post_thumbnail":0,"footnotes":""},"categories":[17],"tags":[],"class_list":["post-17701","post","type-post","status-publish","format-standard","has-post-thumbnail","hentry","category-informacje"],"_links":{"self":[{"href":"https:\/\/zsp12.gliwice.pl\/pm7\/wp-json\/wp\/v2\/posts\/17701"}],"collection":[{"href":"https:\/\/zsp12.gliwice.pl\/pm7\/wp-json\/wp\/v2\/posts"}],"about":[{"href":"https:\/\/zsp12.gliwice.pl\/pm7\/wp-json\/wp\/v2\/types\/post"}],"author":[{"embeddable":true,"href":"https:\/\/zsp12.gliwice.pl\/pm7\/wp-json\/wp\/v2\/users\/11"}],"replies":[{"embeddable":true,"href":"https:\/\/zsp12.gliwice.pl\/pm7\/wp-json\/wp\/v2\/comments?post=17701"}],"version-history":[{"count":2,"href":"https:\/\/zsp12.gliwice.pl\/pm7\/wp-json\/wp\/v2\/posts\/17701\/revisions"}],"predecessor-version":[{"id":17705,"href":"https:\/\/zsp12.gliwice.pl\/pm7\/wp-json\/wp\/v2\/posts\/17701\/revisions\/17705"}],"wp:featuredmedia":[{"embeddable":true,"href":"https:\/\/zsp12.gliwice.pl\/pm7\/wp-json\/wp\/v2\/media\/17706"}],"wp:attachment":[{"href":"https:\/\/zsp12.gliwice.pl\/pm7\/wp-json\/wp\/v2\/media?parent=17701"}],"wp:term":[{"taxonomy":"category","embeddable":true,"href":"https:\/\/zsp12.gliwice.pl\/pm7\/wp-json\/wp\/v2\/categories?post=17701"},{"taxonomy":"post_tag","embeddable":true,"href":"https:\/\/zsp12.gliwice.pl\/pm7\/wp-json\/wp\/v2\/tags?post=17701"}],"curies":[{"name":"wp","href":"https:\/\/api.w.org\/{rel}","templated":true}]}}