{"id":17675,"date":"2025-02-07T11:25:55","date_gmt":"2025-02-07T10:25:55","guid":{"rendered":"https:\/\/zsp12.gliwice.pl\/pm7\/?p=17675"},"modified":"2025-02-07T11:26:16","modified_gmt":"2025-02-07T10:26:16","slug":"rekrutacja-do-przedszkola-na-rok-szkolny-2025-2026","status":"publish","type":"post","link":"https:\/\/zsp12.gliwice.pl\/pm7\/blog\/2025\/02\/07\/rekrutacja-do-przedszkola-na-rok-szkolny-2025-2026\/","title":{"rendered":"Rekrutacja do przedszkola na rok szkolny 2025\/2026"},"content":{"rendered":"<p><em>Szanowni Pa\u0144stwo,<\/em><\/p>\n<p><em>Poni\u017cej przedstawiamy szczeg\u00f3\u0142y dotycz\u0105ce Zarz\u0105dzenia Prezydenta Miasta Gliwice z dnia 27 stycznia 2025 r.&nbsp;<\/em><em>w sprawie okre\u015blenia termin\u00f3w przeprowadzania post\u0119powania rekrutacyjnego oraz post\u0119powania uzupe\u0142niaj\u0105cego, w tym termin\u00f3w sk\u0142adania dokument\u00f3w, na rok szkolny 2025\/2026 do publicznych przedszkoli i oddzia\u0142\u00f3w przedszkolnych w publicznych szko\u0142ach&nbsp;<\/em><em>podstawowych, prowadzonych przez Miasto Gliwice.<\/em><\/p>\n\n\n<div class=\"wp-block-file\"><a id=\"wp-block-file--media-dfc91132-c3b1-42d4-8aea-e6138e76799a\" href=\"https:\/\/zsp12.gliwice.pl\/pm7\/wp-content\/uploads\/sites\/7\/2025\/02\/ZPM_2025_1188.pdf\">ZPM_2025_1188<\/a><a href=\"https:\/\/zsp12.gliwice.pl\/pm7\/wp-content\/uploads\/sites\/7\/2025\/02\/ZPM_2025_1188.pdf\" class=\"wp-block-file__button wp-element-button\" download aria-describedby=\"wp-block-file--media-dfc91132-c3b1-42d4-8aea-e6138e76799a\">Pobierz<\/a><\/div>\n","protected":false},"excerpt":{"rendered":"<p>Szanowni Pa\u0144stwo, Poni\u017cej przedstawiamy szczeg\u00f3\u0142y dotycz\u0105ce Zarz\u0105dzenia Prezydenta Miasta Gliwice z dnia 27 stycznia 2025 r.&nbsp;w sprawie okre\u015blenia termin\u00f3w przeprowadzania&#8230;<\/p>\n","protected":false},"author":2,"featured_media":17676,"comment_status":"open","ping_status":"open","sticky":false,"template":"","format":"standard","meta":{"inline_featured_image":false,"ngg_post_thumbnail":0,"footnotes":""},"categories":[17],"tags":[],"class_list":["post-17675","post","type-post","status-publish","format-standard","has-post-thumbnail","hentry","category-informacje"],"_links":{"self":[{"href":"https:\/\/zsp12.gliwice.pl\/pm7\/wp-json\/wp\/v2\/posts\/17675"}],"collection":[{"href":"https:\/\/zsp12.gliwice.pl\/pm7\/wp-json\/wp\/v2\/posts"}],"about":[{"href":"https:\/\/zsp12.gliwice.pl\/pm7\/wp-json\/wp\/v2\/types\/post"}],"author":[{"embeddable":true,"href":"https:\/\/zsp12.gliwice.pl\/pm7\/wp-json\/wp\/v2\/users\/2"}],"replies":[{"embeddable":true,"href":"https:\/\/zsp12.gliwice.pl\/pm7\/wp-json\/wp\/v2\/comments?post=17675"}],"version-history":[{"count":2,"href":"https:\/\/zsp12.gliwice.pl\/pm7\/wp-json\/wp\/v2\/posts\/17675\/revisions"}],"predecessor-version":[{"id":17679,"href":"https:\/\/zsp12.gliwice.pl\/pm7\/wp-json\/wp\/v2\/posts\/17675\/revisions\/17679"}],"wp:featuredmedia":[{"embeddable":true,"href":"https:\/\/zsp12.gliwice.pl\/pm7\/wp-json\/wp\/v2\/media\/17676"}],"wp:attachment":[{"href":"https:\/\/zsp12.gliwice.pl\/pm7\/wp-json\/wp\/v2\/media?parent=17675"}],"wp:term":[{"taxonomy":"category","embeddable":true,"href":"https:\/\/zsp12.gliwice.pl\/pm7\/wp-json\/wp\/v2\/categories?post=17675"},{"taxonomy":"post_tag","embeddable":true,"href":"https:\/\/zsp12.gliwice.pl\/pm7\/wp-json\/wp\/v2\/tags?post=17675"}],"curies":[{"name":"wp","href":"https:\/\/api.w.org\/{rel}","templated":true}]}}