{"id":17664,"date":"2025-02-06T06:09:42","date_gmt":"2025-02-06T05:09:42","guid":{"rendered":"https:\/\/zsp12.gliwice.pl\/pm7\/?p=17664"},"modified":"2025-02-13T15:55:25","modified_gmt":"2025-02-13T14:55:25","slug":"dzien-babci-i-dziadka-w-pm7-2","status":"publish","type":"post","link":"https:\/\/zsp12.gliwice.pl\/pm7\/blog\/2025\/02\/06\/dzien-babci-i-dziadka-w-pm7-2\/","title":{"rendered":"Dzie\u0144 Babci i Dziadka w PM7"},"content":{"rendered":"<div><em>Babcia i Dziadek to s\u0142owa, kt\u00f3re ka\u017cdemu dziecku kojarz\u0105 si\u0119 z ciep\u0142em, mi\u0142o\u015bci\u0105 i wszystkim, co dobre, w zwi\u0105zku z czym ka\u017cda Nasza grupa przedszkolna zaprosi\u0142a swoich Dziadk\u00f3w i Babcie na pokaz wyst\u0119p\u00f3w artystycznych.<\/em><\/div>\n<div><em><em>Przedszkolaki od samego rana z niecierpliwo\u015bci\u0105 wyczekiwa\u0142y zaproszonych go\u015bci, nie mog\u0105c si\u0119 doczeka\u0107, kiedy zapukaj\u0105 do drzwi Przedszkola. Babcie i Dziadkowie, mieli okazj\u0119 podziwia\u0107 swoje wnucz\u0119ta w specjalnie dla nich przygotowanych programach artystycznych.<\/em><\/em><\/div>\n<div>&nbsp;<\/div>\n<div style=\"text-align: right\"><em>Katarzyna Szymanek<\/em><\/div>\n<div>&nbsp;<\/div>\n<div>&nbsp;<\/div>\n\n\nngg_shortcode_0_placeholder\n","protected":false},"excerpt":{"rendered":"<p>Babcia i Dziadek to s\u0142owa, kt\u00f3re ka\u017cdemu dziecku kojarz\u0105 si\u0119 z ciep\u0142em, mi\u0142o\u015bci\u0105 i wszystkim, co dobre, w zwi\u0105zku z&#8230;<\/p>\n","protected":false},"author":2,"featured_media":17667,"comment_status":"open","ping_status":"open","sticky":false,"template":"","format":"standard","meta":{"inline_featured_image":false,"ngg_post_thumbnail":0,"footnotes":""},"categories":[17],"tags":[],"class_list":["post-17664","post","type-post","status-publish","format-standard","has-post-thumbnail","hentry","category-informacje"],"_links":{"self":[{"href":"https:\/\/zsp12.gliwice.pl\/pm7\/wp-json\/wp\/v2\/posts\/17664"}],"collection":[{"href":"https:\/\/zsp12.gliwice.pl\/pm7\/wp-json\/wp\/v2\/posts"}],"about":[{"href":"https:\/\/zsp12.gliwice.pl\/pm7\/wp-json\/wp\/v2\/types\/post"}],"author":[{"embeddable":true,"href":"https:\/\/zsp12.gliwice.pl\/pm7\/wp-json\/wp\/v2\/users\/2"}],"replies":[{"embeddable":true,"href":"https:\/\/zsp12.gliwice.pl\/pm7\/wp-json\/wp\/v2\/comments?post=17664"}],"version-history":[{"count":6,"href":"https:\/\/zsp12.gliwice.pl\/pm7\/wp-json\/wp\/v2\/posts\/17664\/revisions"}],"predecessor-version":[{"id":17699,"href":"https:\/\/zsp12.gliwice.pl\/pm7\/wp-json\/wp\/v2\/posts\/17664\/revisions\/17699"}],"wp:featuredmedia":[{"embeddable":true,"href":"https:\/\/zsp12.gliwice.pl\/pm7\/wp-json\/wp\/v2\/media\/17667"}],"wp:attachment":[{"href":"https:\/\/zsp12.gliwice.pl\/pm7\/wp-json\/wp\/v2\/media?parent=17664"}],"wp:term":[{"taxonomy":"category","embeddable":true,"href":"https:\/\/zsp12.gliwice.pl\/pm7\/wp-json\/wp\/v2\/categories?post=17664"},{"taxonomy":"post_tag","embeddable":true,"href":"https:\/\/zsp12.gliwice.pl\/pm7\/wp-json\/wp\/v2\/tags?post=17664"}],"curies":[{"name":"wp","href":"https:\/\/api.w.org\/{rel}","templated":true}]}}