{"id":17631,"date":"2024-12-20T17:01:37","date_gmt":"2024-12-20T16:01:37","guid":{"rendered":"https:\/\/zsp12.gliwice.pl\/pm7\/?p=17631"},"modified":"2024-12-22T17:16:15","modified_gmt":"2024-12-22T16:16:15","slug":"rozwiazanie-rodzinnego-konkursu-na-stworzenie-wianka-swiatecznego","status":"publish","type":"post","link":"https:\/\/zsp12.gliwice.pl\/pm7\/blog\/2024\/12\/20\/rozwiazanie-rodzinnego-konkursu-na-stworzenie-wianka-swiatecznego\/","title":{"rendered":"Rozwi\u0105zanie rodzinnego konkursu na stworzenie wianka \u015bwi\u0105tecznego"},"content":{"rendered":"<p><em>Dnia 18 grudnia nast\u0105pi\u0142o uroczyste og\u0142oszenie wynik\u00f3w rodzinnego konkursu na stworzenie wianka \u015bwi\u0105tecznego, poni\u017cej przedstawiamy naszych laureat\u00f3w:<\/em><\/p>\n<p style=\"text-align: center\"><em>I miejsce &#8211; Miko\u0142aj M.<\/em><\/p>\n<p><img loading=\"lazy\" decoding=\"async\" class=\"aligncenter wp-image-17640 size-medium\" src=\"https:\/\/zsp12.gliwice.pl\/pm7\/wp-content\/uploads\/sites\/7\/2024\/12\/20241216_080217-scaled-e1734883100723-300x300.jpg\" alt=\"\" width=\"300\" height=\"300\" srcset=\"https:\/\/zsp12.gliwice.pl\/pm7\/wp-content\/uploads\/sites\/7\/2024\/12\/20241216_080217-scaled-e1734883100723-300x300.jpg 300w, https:\/\/zsp12.gliwice.pl\/pm7\/wp-content\/uploads\/sites\/7\/2024\/12\/20241216_080217-scaled-e1734883100723-150x150.jpg 150w\" sizes=\"(max-width: 300px) 100vw, 300px\" \/><\/p>\n<p style=\"text-align: center\"><em>II miejsce &#8211; Iga G.<\/em><\/p>\n<p><img loading=\"lazy\" decoding=\"async\" class=\"aligncenter wp-image-17638 size-medium\" src=\"https:\/\/zsp12.gliwice.pl\/pm7\/wp-content\/uploads\/sites\/7\/2024\/12\/20241216_075005-300x300.jpg\" alt=\"\" width=\"300\" height=\"300\" srcset=\"https:\/\/zsp12.gliwice.pl\/pm7\/wp-content\/uploads\/sites\/7\/2024\/12\/20241216_075005-300x300.jpg 300w, https:\/\/zsp12.gliwice.pl\/pm7\/wp-content\/uploads\/sites\/7\/2024\/12\/20241216_075005-150x150.jpg 150w\" sizes=\"(max-width: 300px) 100vw, 300px\" \/><\/p>\n<p style=\"text-align: center\"><em>III miejsce &#8211; Filip W.<\/em><\/p>\n<p><img loading=\"lazy\" decoding=\"async\" class=\"size-medium wp-image-17633 aligncenter\" src=\"https:\/\/zsp12.gliwice.pl\/pm7\/wp-content\/uploads\/sites\/7\/2024\/12\/IMG-20241216-WA0003-300x300.jpg\" alt=\"\" width=\"300\" height=\"300\" srcset=\"https:\/\/zsp12.gliwice.pl\/pm7\/wp-content\/uploads\/sites\/7\/2024\/12\/IMG-20241216-WA0003-300x300.jpg 300w, https:\/\/zsp12.gliwice.pl\/pm7\/wp-content\/uploads\/sites\/7\/2024\/12\/IMG-20241216-WA0003-150x150.jpg 150w\" sizes=\"(max-width: 300px) 100vw, 300px\" \/><\/p>\n<p style=\"text-align: center\"><em>Wyr\u00f3\u017cnienie: Julia G., Viktoria I., Zuzanna K., Kira K, Milena R., Maja S., Alicja i Zuzanna Sz.<\/em><\/p>\n<div id='gallery-1' class='gallery galleryid-17631 gallery-columns-6 gallery-size-medium'><figure class='gallery-item'>\n\t\t\t<div class='gallery-icon landscape'>\n\t\t\t\t<a href='https:\/\/zsp12.gliwice.pl\/pm7\/blog\/2024\/12\/20\/rozwiazanie-rodzinnego-konkursu-na-stworzenie-wianka-swiatecznego\/20241213_085127\/'><img loading=\"lazy\" decoding=\"async\" width=\"300\" height=\"300\" src=\"https:\/\/zsp12.gliwice.pl\/pm7\/wp-content\/uploads\/sites\/7\/2024\/12\/20241213_085127-300x300.jpg\" class=\"attachment-medium size-medium\" alt=\"\" srcset=\"https:\/\/zsp12.gliwice.pl\/pm7\/wp-content\/uploads\/sites\/7\/2024\/12\/20241213_085127-300x300.jpg 300w, https:\/\/zsp12.gliwice.pl\/pm7\/wp-content\/uploads\/sites\/7\/2024\/12\/20241213_085127-150x150.jpg 150w\" sizes=\"(max-width: 300px) 100vw, 300px\" \/><\/a>\n\t\t\t<\/div><\/figure><figure class='gallery-item'>\n\t\t\t<div class='gallery-icon portrait'>\n\t\t\t\t<a href='https:\/\/zsp12.gliwice.pl\/pm7\/blog\/2024\/12\/20\/rozwiazanie-rodzinnego-konkursu-na-stworzenie-wianka-swiatecznego\/20241213_085151\/'><img loading=\"lazy\" decoding=\"async\" width=\"300\" height=\"300\" src=\"https:\/\/zsp12.gliwice.pl\/pm7\/wp-content\/uploads\/sites\/7\/2024\/12\/20241213_085151-300x300.jpg\" class=\"attachment-medium size-medium\" alt=\"\" srcset=\"https:\/\/zsp12.gliwice.pl\/pm7\/wp-content\/uploads\/sites\/7\/2024\/12\/20241213_085151-300x300.jpg 300w, https:\/\/zsp12.gliwice.pl\/pm7\/wp-content\/uploads\/sites\/7\/2024\/12\/20241213_085151-150x150.jpg 150w\" sizes=\"(max-width: 300px) 100vw, 300px\" \/><\/a>\n\t\t\t<\/div><\/figure><figure class='gallery-item'>\n\t\t\t<div class='gallery-icon portrait'>\n\t\t\t\t<a href='https:\/\/zsp12.gliwice.pl\/pm7\/blog\/2024\/12\/20\/rozwiazanie-rodzinnego-konkursu-na-stworzenie-wianka-swiatecznego\/20241216_080813\/'><img loading=\"lazy\" decoding=\"async\" width=\"300\" height=\"300\" src=\"https:\/\/zsp12.gliwice.pl\/pm7\/wp-content\/uploads\/sites\/7\/2024\/12\/20241216_080813-300x300.jpg\" class=\"attachment-medium size-medium\" alt=\"\" srcset=\"https:\/\/zsp12.gliwice.pl\/pm7\/wp-content\/uploads\/sites\/7\/2024\/12\/20241216_080813-300x300.jpg 300w, https:\/\/zsp12.gliwice.pl\/pm7\/wp-content\/uploads\/sites\/7\/2024\/12\/20241216_080813-150x150.jpg 150w\" sizes=\"(max-width: 300px) 100vw, 300px\" \/><\/a>\n\t\t\t<\/div><\/figure><figure class='gallery-item'>\n\t\t\t<div class='gallery-icon portrait'>\n\t\t\t\t<a href='https:\/\/zsp12.gliwice.pl\/pm7\/blog\/2024\/12\/20\/rozwiazanie-rodzinnego-konkursu-na-stworzenie-wianka-swiatecznego\/20241216_080837\/'><img loading=\"lazy\" decoding=\"async\" width=\"300\" height=\"300\" src=\"https:\/\/zsp12.gliwice.pl\/pm7\/wp-content\/uploads\/sites\/7\/2024\/12\/20241216_080837-300x300.jpg\" class=\"attachment-medium size-medium\" alt=\"\" srcset=\"https:\/\/zsp12.gliwice.pl\/pm7\/wp-content\/uploads\/sites\/7\/2024\/12\/20241216_080837-300x300.jpg 300w, https:\/\/zsp12.gliwice.pl\/pm7\/wp-content\/uploads\/sites\/7\/2024\/12\/20241216_080837-150x150.jpg 150w\" sizes=\"(max-width: 300px) 100vw, 300px\" \/><\/a>\n\t\t\t<\/div><\/figure><figure class='gallery-item'>\n\t\t\t<div class='gallery-icon portrait'>\n\t\t\t\t<a href='https:\/\/zsp12.gliwice.pl\/pm7\/blog\/2024\/12\/20\/rozwiazanie-rodzinnego-konkursu-na-stworzenie-wianka-swiatecznego\/20241216_075023\/'><img loading=\"lazy\" decoding=\"async\" width=\"300\" height=\"300\" src=\"https:\/\/zsp12.gliwice.pl\/pm7\/wp-content\/uploads\/sites\/7\/2024\/12\/20241216_075023-300x300.jpg\" class=\"attachment-medium size-medium\" alt=\"\" srcset=\"https:\/\/zsp12.gliwice.pl\/pm7\/wp-content\/uploads\/sites\/7\/2024\/12\/20241216_075023-300x300.jpg 300w, https:\/\/zsp12.gliwice.pl\/pm7\/wp-content\/uploads\/sites\/7\/2024\/12\/20241216_075023-150x150.jpg 150w\" sizes=\"(max-width: 300px) 100vw, 300px\" \/><\/a>\n\t\t\t<\/div><\/figure><figure class='gallery-item'>\n\t\t\t<div class='gallery-icon portrait'>\n\t\t\t\t<a href='https:\/\/zsp12.gliwice.pl\/pm7\/blog\/2024\/12\/20\/rozwiazanie-rodzinnego-konkursu-na-stworzenie-wianka-swiatecznego\/20241216_075246\/'><img loading=\"lazy\" decoding=\"async\" width=\"300\" height=\"300\" src=\"https:\/\/zsp12.gliwice.pl\/pm7\/wp-content\/uploads\/sites\/7\/2024\/12\/20241216_075246-300x300.jpg\" class=\"attachment-medium size-medium\" alt=\"\" srcset=\"https:\/\/zsp12.gliwice.pl\/pm7\/wp-content\/uploads\/sites\/7\/2024\/12\/20241216_075246-300x300.jpg 300w, https:\/\/zsp12.gliwice.pl\/pm7\/wp-content\/uploads\/sites\/7\/2024\/12\/20241216_075246-150x150.jpg 150w\" sizes=\"(max-width: 300px) 100vw, 300px\" \/><\/a>\n\t\t\t<\/div><\/figure>\n\t\t<\/div>\n\n<p style=\"text-align: center\"><em>GRATULUJEMY i dzi\u0119kujemy za udzia\u0142 w konkursie!<\/em><\/p>\n<p style=\"text-align: right\"><em>Katarzyna Szymanek<\/em><\/p>\n\n\nngg_shortcode_0_placeholder\n","protected":false},"excerpt":{"rendered":"<p>Dnia 18 grudnia nast\u0105pi\u0142o uroczyste og\u0142oszenie wynik\u00f3w rodzinnego konkursu na stworzenie wianka \u015bwi\u0105tecznego, poni\u017cej przedstawiamy naszych laureat\u00f3w: I miejsce &#8211;&#8230;<\/p>\n","protected":false},"author":2,"featured_media":17652,"comment_status":"open","ping_status":"open","sticky":false,"template":"","format":"standard","meta":{"inline_featured_image":false,"ngg_post_thumbnail":0,"footnotes":""},"categories":[17],"tags":[],"class_list":["post-17631","post","type-post","status-publish","format-standard","has-post-thumbnail","hentry","category-informacje"],"_links":{"self":[{"href":"https:\/\/zsp12.gliwice.pl\/pm7\/wp-json\/wp\/v2\/posts\/17631"}],"collection":[{"href":"https:\/\/zsp12.gliwice.pl\/pm7\/wp-json\/wp\/v2\/posts"}],"about":[{"href":"https:\/\/zsp12.gliwice.pl\/pm7\/wp-json\/wp\/v2\/types\/post"}],"author":[{"embeddable":true,"href":"https:\/\/zsp12.gliwice.pl\/pm7\/wp-json\/wp\/v2\/users\/2"}],"replies":[{"embeddable":true,"href":"https:\/\/zsp12.gliwice.pl\/pm7\/wp-json\/wp\/v2\/comments?post=17631"}],"version-history":[{"count":3,"href":"https:\/\/zsp12.gliwice.pl\/pm7\/wp-json\/wp\/v2\/posts\/17631\/revisions"}],"predecessor-version":[{"id":17657,"href":"https:\/\/zsp12.gliwice.pl\/pm7\/wp-json\/wp\/v2\/posts\/17631\/revisions\/17657"}],"wp:featuredmedia":[{"embeddable":true,"href":"https:\/\/zsp12.gliwice.pl\/pm7\/wp-json\/wp\/v2\/media\/17652"}],"wp:attachment":[{"href":"https:\/\/zsp12.gliwice.pl\/pm7\/wp-json\/wp\/v2\/media?parent=17631"}],"wp:term":[{"taxonomy":"category","embeddable":true,"href":"https:\/\/zsp12.gliwice.pl\/pm7\/wp-json\/wp\/v2\/categories?post=17631"},{"taxonomy":"post_tag","embeddable":true,"href":"https:\/\/zsp12.gliwice.pl\/pm7\/wp-json\/wp\/v2\/tags?post=17631"}],"curies":[{"name":"wp","href":"https:\/\/api.w.org\/{rel}","templated":true}]}}