{"id":17453,"date":"2024-12-09T10:30:00","date_gmt":"2024-12-09T09:30:00","guid":{"rendered":"https:\/\/zsp12.gliwice.pl\/pm7\/?p=17453"},"modified":"2025-06-03T07:25:09","modified_gmt":"2025-06-03T05:25:09","slug":"odwiedziny-swietego-mikolaja-w-pm7-3","status":"publish","type":"post","link":"https:\/\/zsp12.gliwice.pl\/pm7\/blog\/2024\/12\/09\/odwiedziny-swietego-mikolaja-w-pm7-3\/","title":{"rendered":"Odwiedziny \u015awi\u0119tego Miko\u0142aja w PM7"},"content":{"rendered":"<div><em>6 grudnia w naszym Przedszkolu go\u015bcili\u015bmy \u015aw. Miko\u0142aja.<\/em><\/div>\n<div><em>Ten wyczekiwany przez dzieci na ca\u0142ym \u015bwiecie go\u015b\u0107 zawita\u0142 do naszych przedszkolak\u00f3w w pi\u0105tkowe przedpo\u0142udnie.<\/em><\/div>\n<div><em>Dzieci przywita\u0142y Miko\u0142aja \u015bpiewaj\u0105co, ka\u017cda grupa przygotowa\u0142a i zaprezentowa\u0142a piosenk\u0119&nbsp;<img loading=\"lazy\" decoding=\"async\" class=\"an1\" src=\"https:\/\/fonts.gstatic.com\/s\/e\/notoemoji\/15.1\/1f3b6\/72.png\" alt=\"\ud83c\udfb6\" width=\"22\" height=\"22\" data-emoji=\"\ud83c\udfb6\" aria-label=\"\ud83c\udfb6\">,&nbsp;a Miko\u0142aj ka\u017cde dziecko obdarowa\u0142 prezentem.<\/em><\/div>\n<div><em>Radosne spotkanie umili\u0142 dodatkowo padaj\u0105cy za oknami \u015bnieg&nbsp;<img loading=\"lazy\" decoding=\"async\" class=\"an1\" src=\"https:\/\/fonts.gstatic.com\/s\/e\/notoemoji\/15.1\/2744_fe0f\/72.png\" alt=\"\u2744\ufe0f\" width=\"16\" height=\"16\" data-emoji=\"\u2744\ufe0f\" aria-label=\"\u2744\ufe0f\"><\/em><\/div>\n<div><em>Do zobaczenia za rok&#8230;.<img loading=\"lazy\" decoding=\"async\" class=\"an1\" src=\"https:\/\/fonts.gstatic.com\/s\/e\/notoemoji\/15.1\/1f9d1_200d_1f384\/72.png\" alt=\"\ud83e\uddd1\u200d\ud83c\udf84\" width=\"20\" height=\"20\" data-emoji=\"\ud83e\uddd1\u200d\ud83c\udf84\" aria-label=\"\ud83e\uddd1\u200d\ud83c\udf84\"><\/em><\/div>\n<div style=\"text-align: right\"><em>Aleksandra Janik<\/em><\/div>\n<div>\nngg_shortcode_0_placeholder<\/div>\n","protected":false},"excerpt":{"rendered":"<p>6 grudnia w naszym Przedszkolu go\u015bcili\u015bmy \u015aw. Miko\u0142aja. Ten wyczekiwany przez dzieci na ca\u0142ym \u015bwiecie go\u015b\u0107 zawita\u0142 do naszych przedszkolak\u00f3w&#8230;<\/p>\n","protected":false},"author":2,"featured_media":17502,"comment_status":"open","ping_status":"open","sticky":false,"template":"","format":"standard","meta":{"inline_featured_image":false,"ngg_post_thumbnail":0,"footnotes":""},"categories":[4],"tags":[],"class_list":["post-17453","post","type-post","status-publish","format-standard","has-post-thumbnail","hentry","category-wydarzenia"],"_links":{"self":[{"href":"https:\/\/zsp12.gliwice.pl\/pm7\/wp-json\/wp\/v2\/posts\/17453"}],"collection":[{"href":"https:\/\/zsp12.gliwice.pl\/pm7\/wp-json\/wp\/v2\/posts"}],"about":[{"href":"https:\/\/zsp12.gliwice.pl\/pm7\/wp-json\/wp\/v2\/types\/post"}],"author":[{"embeddable":true,"href":"https:\/\/zsp12.gliwice.pl\/pm7\/wp-json\/wp\/v2\/users\/2"}],"replies":[{"embeddable":true,"href":"https:\/\/zsp12.gliwice.pl\/pm7\/wp-json\/wp\/v2\/comments?post=17453"}],"version-history":[{"count":2,"href":"https:\/\/zsp12.gliwice.pl\/pm7\/wp-json\/wp\/v2\/posts\/17453\/revisions"}],"predecessor-version":[{"id":17543,"href":"https:\/\/zsp12.gliwice.pl\/pm7\/wp-json\/wp\/v2\/posts\/17453\/revisions\/17543"}],"wp:featuredmedia":[{"embeddable":true,"href":"https:\/\/zsp12.gliwice.pl\/pm7\/wp-json\/wp\/v2\/media\/17502"}],"wp:attachment":[{"href":"https:\/\/zsp12.gliwice.pl\/pm7\/wp-json\/wp\/v2\/media?parent=17453"}],"wp:term":[{"taxonomy":"category","embeddable":true,"href":"https:\/\/zsp12.gliwice.pl\/pm7\/wp-json\/wp\/v2\/categories?post=17453"},{"taxonomy":"post_tag","embeddable":true,"href":"https:\/\/zsp12.gliwice.pl\/pm7\/wp-json\/wp\/v2\/tags?post=17453"}],"curies":[{"name":"wp","href":"https:\/\/api.w.org\/{rel}","templated":true}]}}