{"id":17417,"date":"2024-12-09T10:09:51","date_gmt":"2024-12-09T09:09:51","guid":{"rendered":"https:\/\/zsp12.gliwice.pl\/pm7\/?p=17417"},"modified":"2025-06-03T07:25:10","modified_gmt":"2025-06-03T05:25:10","slug":"przygotowania-do-swiat-grupy-odkrywcow","status":"publish","type":"post","link":"https:\/\/zsp12.gliwice.pl\/pm7\/blog\/2024\/12\/09\/przygotowania-do-swiat-grupy-odkrywcow\/","title":{"rendered":"Przygotowania do \u015bwi\u0105t grupy Odkrywc\u00f3w"},"content":{"rendered":"<div><em>W tym tygodniu przedszkolaki pilnie przygotowywa\u0142y si\u0119 na przybycie \u015awi\u0119tego Miko\u0142aja. Sale zosta\u0142y pi\u0119knie przystrojone, choinki ubrane. W grupie Odkrywc\u00f3w przedszkolaki wys\u0142a\u0142y swoje listy do Miko\u0142aja. Miko\u0142aj pojawia\u0142 si\u0119 w naszych piosenkach, opowiadaniach oraz pracach plastycznych.&nbsp;<\/em><\/div>\n<div><em>To by\u0142 wspania\u0142y tydzie\u0144&nbsp;<img loading=\"lazy\" decoding=\"async\" class=\"an1\" src=\"https:\/\/fonts.gstatic.com\/s\/e\/notoemoji\/15.1\/1f384\/72.png\" alt=\"\ud83c\udf84\" width=\"19\" height=\"19\" data-emoji=\"\ud83c\udf84\" aria-label=\"\ud83c\udf84\"><img loading=\"lazy\" decoding=\"async\" class=\"an1\" src=\"https:\/\/fonts.gstatic.com\/s\/e\/notoemoji\/15.1\/2665_fe0f\/72.png\" alt=\"\u2665\ufe0f\" width=\"16\" height=\"16\" data-emoji=\"\u2665\ufe0f\" aria-label=\"\u2665\ufe0f\">&nbsp;<\/em><\/div>\n<div style=\"text-align: right\"><em>Klaudia J\u00f3zefowicz<\/em><\/div>\n<div>\nngg_shortcode_0_placeholder<\/div>\n","protected":false},"excerpt":{"rendered":"<p>W tym tygodniu przedszkolaki pilnie przygotowywa\u0142y si\u0119 na przybycie \u015awi\u0119tego Miko\u0142aja. Sale zosta\u0142y pi\u0119knie przystrojone, choinki ubrane. W grupie Odkrywc\u00f3w&#8230;<\/p>\n","protected":false},"author":2,"featured_media":17449,"comment_status":"open","ping_status":"open","sticky":false,"template":"","format":"standard","meta":{"inline_featured_image":false,"ngg_post_thumbnail":0,"footnotes":""},"categories":[17],"tags":[],"class_list":["post-17417","post","type-post","status-publish","format-standard","has-post-thumbnail","hentry","category-informacje"],"_links":{"self":[{"href":"https:\/\/zsp12.gliwice.pl\/pm7\/wp-json\/wp\/v2\/posts\/17417"}],"collection":[{"href":"https:\/\/zsp12.gliwice.pl\/pm7\/wp-json\/wp\/v2\/posts"}],"about":[{"href":"https:\/\/zsp12.gliwice.pl\/pm7\/wp-json\/wp\/v2\/types\/post"}],"author":[{"embeddable":true,"href":"https:\/\/zsp12.gliwice.pl\/pm7\/wp-json\/wp\/v2\/users\/2"}],"replies":[{"embeddable":true,"href":"https:\/\/zsp12.gliwice.pl\/pm7\/wp-json\/wp\/v2\/comments?post=17417"}],"version-history":[{"count":2,"href":"https:\/\/zsp12.gliwice.pl\/pm7\/wp-json\/wp\/v2\/posts\/17417\/revisions"}],"predecessor-version":[{"id":17448,"href":"https:\/\/zsp12.gliwice.pl\/pm7\/wp-json\/wp\/v2\/posts\/17417\/revisions\/17448"}],"wp:featuredmedia":[{"embeddable":true,"href":"https:\/\/zsp12.gliwice.pl\/pm7\/wp-json\/wp\/v2\/media\/17449"}],"wp:attachment":[{"href":"https:\/\/zsp12.gliwice.pl\/pm7\/wp-json\/wp\/v2\/media?parent=17417"}],"wp:term":[{"taxonomy":"category","embeddable":true,"href":"https:\/\/zsp12.gliwice.pl\/pm7\/wp-json\/wp\/v2\/categories?post=17417"},{"taxonomy":"post_tag","embeddable":true,"href":"https:\/\/zsp12.gliwice.pl\/pm7\/wp-json\/wp\/v2\/tags?post=17417"}],"curies":[{"name":"wp","href":"https:\/\/api.w.org\/{rel}","templated":true}]}}