{"id":17407,"date":"2024-12-09T10:00:11","date_gmt":"2024-12-09T09:00:11","guid":{"rendered":"https:\/\/zsp12.gliwice.pl\/pm7\/?p=17407"},"modified":"2025-06-03T07:25:10","modified_gmt":"2025-06-03T05:25:10","slug":"przedszkolaki-w-kinie","status":"publish","type":"post","link":"https:\/\/zsp12.gliwice.pl\/pm7\/blog\/2024\/12\/09\/przedszkolaki-w-kinie\/","title":{"rendered":"Przedszkolaki w kinie"},"content":{"rendered":"<p><em>W czwartek 5.12.2024 z okazji Miko\u0142ajek przedszkolaki z lipowej wybra\u0142y si\u0119 do kina na film pt. \u201e Trefliki ratuj\u0105 \u015bwi\u0119ta\u201d. To by\u0142o \u015bwietne wyj\u015bcie&nbsp;<img loading=\"lazy\" decoding=\"async\" class=\"an1\" src=\"https:\/\/fonts.gstatic.com\/s\/e\/notoemoji\/15.1\/1f604\/72.png\" alt=\"\ud83d\ude04\" width=\"18\" height=\"18\" data-emoji=\"\ud83d\ude04\" aria-label=\"\ud83d\ude04\"><\/em><\/p>\n<p style=\"text-align: right\"><em>Klaudia J\u00f3zefowicz<\/em><\/p>\nngg_shortcode_0_placeholder\n","protected":false},"excerpt":{"rendered":"<p>W czwartek 5.12.2024 z okazji Miko\u0142ajek przedszkolaki z lipowej wybra\u0142y si\u0119 do kina na film pt. \u201e Trefliki ratuj\u0105 \u015bwi\u0119ta\u201d&#8230;.<\/p>\n","protected":false},"author":2,"featured_media":17415,"comment_status":"open","ping_status":"open","sticky":false,"template":"","format":"standard","meta":{"inline_featured_image":false,"ngg_post_thumbnail":0,"footnotes":""},"categories":[17],"tags":[],"class_list":["post-17407","post","type-post","status-publish","format-standard","has-post-thumbnail","hentry","category-informacje"],"_links":{"self":[{"href":"https:\/\/zsp12.gliwice.pl\/pm7\/wp-json\/wp\/v2\/posts\/17407"}],"collection":[{"href":"https:\/\/zsp12.gliwice.pl\/pm7\/wp-json\/wp\/v2\/posts"}],"about":[{"href":"https:\/\/zsp12.gliwice.pl\/pm7\/wp-json\/wp\/v2\/types\/post"}],"author":[{"embeddable":true,"href":"https:\/\/zsp12.gliwice.pl\/pm7\/wp-json\/wp\/v2\/users\/2"}],"replies":[{"embeddable":true,"href":"https:\/\/zsp12.gliwice.pl\/pm7\/wp-json\/wp\/v2\/comments?post=17407"}],"version-history":[{"count":1,"href":"https:\/\/zsp12.gliwice.pl\/pm7\/wp-json\/wp\/v2\/posts\/17407\/revisions"}],"predecessor-version":[{"id":17416,"href":"https:\/\/zsp12.gliwice.pl\/pm7\/wp-json\/wp\/v2\/posts\/17407\/revisions\/17416"}],"wp:featuredmedia":[{"embeddable":true,"href":"https:\/\/zsp12.gliwice.pl\/pm7\/wp-json\/wp\/v2\/media\/17415"}],"wp:attachment":[{"href":"https:\/\/zsp12.gliwice.pl\/pm7\/wp-json\/wp\/v2\/media?parent=17407"}],"wp:term":[{"taxonomy":"category","embeddable":true,"href":"https:\/\/zsp12.gliwice.pl\/pm7\/wp-json\/wp\/v2\/categories?post=17407"},{"taxonomy":"post_tag","embeddable":true,"href":"https:\/\/zsp12.gliwice.pl\/pm7\/wp-json\/wp\/v2\/tags?post=17407"}],"curies":[{"name":"wp","href":"https:\/\/api.w.org\/{rel}","templated":true}]}}