{"id":17393,"date":"2024-12-09T09:40:33","date_gmt":"2024-12-09T08:40:33","guid":{"rendered":"https:\/\/zsp12.gliwice.pl\/pm7\/?p=17393"},"modified":"2025-06-03T07:25:10","modified_gmt":"2025-06-03T05:25:10","slug":"dzien-gornika","status":"publish","type":"post","link":"https:\/\/zsp12.gliwice.pl\/pm7\/blog\/2024\/12\/09\/dzien-gornika\/","title":{"rendered":"Dzie\u0144 G\u00f3rnika"},"content":{"rendered":"<p><em>Dnia 4.12.2024 obchodzili\u015bmy w naszym przedszkolu Dzie\u0144 G\u00f3rnika&nbsp;<img loading=\"lazy\" decoding=\"async\" class=\"an1\" src=\"https:\/\/fonts.gstatic.com\/s\/e\/notoemoji\/15.1\/1f5a4\/72.png\" alt=\"\ud83d\udda4\" width=\"19\" height=\"19\" data-emoji=\"\ud83d\udda4\" aria-label=\"\ud83d\udda4\"> Dzieci dowiedzia\u0142y si\u0119 jak ci\u0119\u017cki jest zaw\u00f3d g\u00f3rnika i na czym polega jego praca. G\u00f3rnik zago\u015bci\u0142 r\u00f3wnie\u017c w naszych pracach plastycznych.<\/em><\/p>\n<p style=\"text-align: right\"><em>Klaudia J\u00f3zefowicz<\/em><\/p>\nngg_shortcode_0_placeholder\n","protected":false},"excerpt":{"rendered":"<p>Dnia 4.12.2024 obchodzili\u015bmy w naszym przedszkolu Dzie\u0144 G\u00f3rnika&nbsp; Dzieci dowiedzia\u0142y si\u0119 jak ci\u0119\u017cki jest zaw\u00f3d g\u00f3rnika i na czym polega&#8230;<\/p>\n","protected":false},"author":2,"featured_media":17405,"comment_status":"open","ping_status":"open","sticky":false,"template":"","format":"standard","meta":{"inline_featured_image":false,"ngg_post_thumbnail":0,"footnotes":""},"categories":[4],"tags":[],"class_list":["post-17393","post","type-post","status-publish","format-standard","has-post-thumbnail","hentry","category-wydarzenia"],"_links":{"self":[{"href":"https:\/\/zsp12.gliwice.pl\/pm7\/wp-json\/wp\/v2\/posts\/17393"}],"collection":[{"href":"https:\/\/zsp12.gliwice.pl\/pm7\/wp-json\/wp\/v2\/posts"}],"about":[{"href":"https:\/\/zsp12.gliwice.pl\/pm7\/wp-json\/wp\/v2\/types\/post"}],"author":[{"embeddable":true,"href":"https:\/\/zsp12.gliwice.pl\/pm7\/wp-json\/wp\/v2\/users\/2"}],"replies":[{"embeddable":true,"href":"https:\/\/zsp12.gliwice.pl\/pm7\/wp-json\/wp\/v2\/comments?post=17393"}],"version-history":[{"count":1,"href":"https:\/\/zsp12.gliwice.pl\/pm7\/wp-json\/wp\/v2\/posts\/17393\/revisions"}],"predecessor-version":[{"id":17406,"href":"https:\/\/zsp12.gliwice.pl\/pm7\/wp-json\/wp\/v2\/posts\/17393\/revisions\/17406"}],"wp:featuredmedia":[{"embeddable":true,"href":"https:\/\/zsp12.gliwice.pl\/pm7\/wp-json\/wp\/v2\/media\/17405"}],"wp:attachment":[{"href":"https:\/\/zsp12.gliwice.pl\/pm7\/wp-json\/wp\/v2\/media?parent=17393"}],"wp:term":[{"taxonomy":"category","embeddable":true,"href":"https:\/\/zsp12.gliwice.pl\/pm7\/wp-json\/wp\/v2\/categories?post=17393"},{"taxonomy":"post_tag","embeddable":true,"href":"https:\/\/zsp12.gliwice.pl\/pm7\/wp-json\/wp\/v2\/tags?post=17393"}],"curies":[{"name":"wp","href":"https:\/\/api.w.org\/{rel}","templated":true}]}}