{"id":16452,"date":"2024-06-18T06:56:33","date_gmt":"2024-06-18T04:56:33","guid":{"rendered":"https:\/\/zsp12.gliwice.pl\/pm7\/?p=16452"},"modified":"2025-06-03T07:26:39","modified_gmt":"2025-06-03T05:26:39","slug":"pozegnanie-starszakow","status":"publish","type":"post","link":"https:\/\/zsp12.gliwice.pl\/pm7\/blog\/2024\/06\/18\/pozegnanie-starszakow\/","title":{"rendered":"Po\u017cegnanie Starszak\u00f3w"},"content":{"rendered":"<p><em>\u201ePrzedszkola czas ju\u017c min\u0105\u0142 i jest tak jako\u015b smutno, a nasza pani w k\u0105cie \u0142ka, bo rozsta\u0107 nam si\u0119 trudno.\u201d Dzie\u0144 14 czerwca dla jednych to zwyk\u0142y dzie\u0144, ale dla nas by\u0142 on wyj\u0105tkowy, uroczysty, radosny, dzie\u0144 zadumy i niek\u0142amanych wzrusze\u0144, bowiem w Przedszkolu Miejskim nr 7 &nbsp;odby\u0142a si\u0119 wyj\u0105tkowa uroczysto\u015b\u0107 &nbsp;&#8211; Po\u017cegnanie starszak\u00f3w. Kilka wsp\u00f3lnie sp\u0119dzonych lata szybko min\u0119\u0142o.<br \/>\n<\/em><em>By\u0142 to czas niezwyk\u0142y i niezapomniany, zar\u00f3wno dla dzieci, rodzic\u00f3w, jak i pa\u0144 nauczycielek. Sko\u0144czy\u0142 si\u0119 bowiem okres przyja\u017ani, wsp\u00f3lnych zabaw i spotka\u0144, wsp\u00f3lnej pracy. Dzieci, z maluszk\u00f3w, zagubionych i nie\u015bmia\u0142ych, sta\u0142y si\u0119 samodzielnymi, odwa\u017cnymi starszakami, pe\u0142nymi pomys\u0142\u00f3w, ciekawymi \u015bwiata, ch\u0119tnymi do podejmowania nowych, coraz trudniejszych zada\u0144. Sko\u0144czy\u0142 si\u0119 beztroski okres i nadszed\u0142 czas na przyj\u0119cie innych obowi\u0105zk\u00f3w. Przedszkolaki pod kierunkiem swoich pa\u0144 przygotowa\u0142y specjalnie na t\u0119 okazj\u0119 wyst\u0119py artystyczne. By\u0142 Polonez, wiersze i piosenki. Na pami\u0105tk\u0119 tego wydarzenia dzieci otrzyma\u0142y pami\u0105tkowe dyplomy i prezenty &#8211; niespodzianki. By\u0142y tak\u017ce \u017cyczenia i podzi\u0119kowania ze strony pani Dyrektor oraz Rodzic\u00f3w, nie zabrak\u0142o r\u00f3wnie\u017c \u0142ez wzruszenia. Ale tak to ju\u017c jest, co\u015b musi si\u0119 sko\u0144czy\u0107, aby m\u00f3c wej\u015b\u0107 w kolejny, nowy etap \u017cycia. Dzi\u0119kujemy rodzicom za wsp\u00f3lnie sp\u0119dzony czas, pomoc i wsparcie, dzieciom natomiast \u017cyczymy udanych wakacji, samych sukces\u00f3w w szkole, u\u015bmiechu na co dzie\u0144 oraz nowych przyja\u017ani.&nbsp;<\/em><\/p>\n<p style=\"text-align: right\"><em>Katarzyna Siwiec<\/em><\/p>\n","protected":false},"excerpt":{"rendered":"<p>\u201ePrzedszkola czas ju\u017c min\u0105\u0142 i jest tak jako\u015b smutno, a nasza pani w k\u0105cie \u0142ka, bo rozsta\u0107 nam si\u0119 trudno.\u201d&#8230;<\/p>\n","protected":false},"author":2,"featured_media":16498,"comment_status":"open","ping_status":"open","sticky":false,"template":"","format":"standard","meta":{"inline_featured_image":false,"ngg_post_thumbnail":0,"footnotes":""},"categories":[17],"tags":[],"class_list":["post-16452","post","type-post","status-publish","format-standard","has-post-thumbnail","hentry","category-informacje"],"_links":{"self":[{"href":"https:\/\/zsp12.gliwice.pl\/pm7\/wp-json\/wp\/v2\/posts\/16452"}],"collection":[{"href":"https:\/\/zsp12.gliwice.pl\/pm7\/wp-json\/wp\/v2\/posts"}],"about":[{"href":"https:\/\/zsp12.gliwice.pl\/pm7\/wp-json\/wp\/v2\/types\/post"}],"author":[{"embeddable":true,"href":"https:\/\/zsp12.gliwice.pl\/pm7\/wp-json\/wp\/v2\/users\/2"}],"replies":[{"embeddable":true,"href":"https:\/\/zsp12.gliwice.pl\/pm7\/wp-json\/wp\/v2\/comments?post=16452"}],"version-history":[{"count":5,"href":"https:\/\/zsp12.gliwice.pl\/pm7\/wp-json\/wp\/v2\/posts\/16452\/revisions"}],"predecessor-version":[{"id":16500,"href":"https:\/\/zsp12.gliwice.pl\/pm7\/wp-json\/wp\/v2\/posts\/16452\/revisions\/16500"}],"wp:featuredmedia":[{"embeddable":true,"href":"https:\/\/zsp12.gliwice.pl\/pm7\/wp-json\/wp\/v2\/media\/16498"}],"wp:attachment":[{"href":"https:\/\/zsp12.gliwice.pl\/pm7\/wp-json\/wp\/v2\/media?parent=16452"}],"wp:term":[{"taxonomy":"category","embeddable":true,"href":"https:\/\/zsp12.gliwice.pl\/pm7\/wp-json\/wp\/v2\/categories?post=16452"},{"taxonomy":"post_tag","embeddable":true,"href":"https:\/\/zsp12.gliwice.pl\/pm7\/wp-json\/wp\/v2\/tags?post=16452"}],"curies":[{"name":"wp","href":"https:\/\/api.w.org\/{rel}","templated":true}]}}