{"id":16418,"date":"2024-06-10T17:54:19","date_gmt":"2024-06-10T15:54:19","guid":{"rendered":"https:\/\/zsp12.gliwice.pl\/pm7\/?p=16418"},"modified":"2025-06-03T07:26:39","modified_gmt":"2025-06-03T05:26:39","slug":"zajecia-przedszkolne-z-jezyka-mniejszosci-narodowej-niemieckiego","status":"publish","type":"post","link":"https:\/\/zsp12.gliwice.pl\/pm7\/blog\/2024\/06\/10\/zajecia-przedszkolne-z-jezyka-mniejszosci-narodowej-niemieckiego\/","title":{"rendered":"Zaj\u0119cia przedszkolne z j\u0119zyka mniejszo\u015bci narodowej &#8211; niemieckiego"},"content":{"rendered":"<p><em>\ud83c\udf1e Zbli\u017caj\u0105c si\u0119 powoli do wakacji, zach\u0119camy do obejrzenia mini podsumowania zaj\u0119\u0107 przedszkolnych z j\u0119zyka mniejszo\u015bci narodowej &#8211; niemieckiego \ud83c\udf1e Nasze motto to: Spielend Deutsch lernen:)<\/em><\/p>\n<p style=\"text-align: right\"><em>S.Boryczka<\/em><br \/>\n<em>M.Pr\u0105tnicka<\/em><br \/>\n<em>J.Wardencka &#8211; Iwan<\/em><\/p>\nngg_shortcode_0_placeholder\n","protected":false},"excerpt":{"rendered":"<p>\ud83c\udf1e Zbli\u017caj\u0105c si\u0119 powoli do wakacji, zach\u0119camy do obejrzenia mini podsumowania zaj\u0119\u0107 przedszkolnych z j\u0119zyka mniejszo\u015bci narodowej &#8211; niemieckiego \ud83c\udf1e&#8230;<\/p>\n","protected":false},"author":2,"featured_media":16449,"comment_status":"open","ping_status":"open","sticky":false,"template":"","format":"standard","meta":{"inline_featured_image":false,"ngg_post_thumbnail":0,"footnotes":""},"categories":[4],"tags":[],"class_list":["post-16418","post","type-post","status-publish","format-standard","has-post-thumbnail","hentry","category-wydarzenia"],"_links":{"self":[{"href":"https:\/\/zsp12.gliwice.pl\/pm7\/wp-json\/wp\/v2\/posts\/16418"}],"collection":[{"href":"https:\/\/zsp12.gliwice.pl\/pm7\/wp-json\/wp\/v2\/posts"}],"about":[{"href":"https:\/\/zsp12.gliwice.pl\/pm7\/wp-json\/wp\/v2\/types\/post"}],"author":[{"embeddable":true,"href":"https:\/\/zsp12.gliwice.pl\/pm7\/wp-json\/wp\/v2\/users\/2"}],"replies":[{"embeddable":true,"href":"https:\/\/zsp12.gliwice.pl\/pm7\/wp-json\/wp\/v2\/comments?post=16418"}],"version-history":[{"count":1,"href":"https:\/\/zsp12.gliwice.pl\/pm7\/wp-json\/wp\/v2\/posts\/16418\/revisions"}],"predecessor-version":[{"id":16450,"href":"https:\/\/zsp12.gliwice.pl\/pm7\/wp-json\/wp\/v2\/posts\/16418\/revisions\/16450"}],"wp:featuredmedia":[{"embeddable":true,"href":"https:\/\/zsp12.gliwice.pl\/pm7\/wp-json\/wp\/v2\/media\/16449"}],"wp:attachment":[{"href":"https:\/\/zsp12.gliwice.pl\/pm7\/wp-json\/wp\/v2\/media?parent=16418"}],"wp:term":[{"taxonomy":"category","embeddable":true,"href":"https:\/\/zsp12.gliwice.pl\/pm7\/wp-json\/wp\/v2\/categories?post=16418"},{"taxonomy":"post_tag","embeddable":true,"href":"https:\/\/zsp12.gliwice.pl\/pm7\/wp-json\/wp\/v2\/tags?post=16418"}],"curies":[{"name":"wp","href":"https:\/\/api.w.org\/{rel}","templated":true}]}}