{"id":15819,"date":"2024-03-28T09:32:49","date_gmt":"2024-03-28T08:32:49","guid":{"rendered":"https:\/\/zsp12.gliwice.pl\/pm7\/?p=15819"},"modified":"2025-06-03T07:16:30","modified_gmt":"2025-06-03T05:16:30","slug":"szukanie-pisanek-w-pm7","status":"publish","type":"post","link":"https:\/\/zsp12.gliwice.pl\/pm7\/blog\/2024\/03\/28\/szukanie-pisanek-w-pm7\/","title":{"rendered":"Szukanie Pisanek w PM7"},"content":{"rendered":"<p><em>Przedszkolaki obchodzi\u0142y tradycyjne w naszym przedszkolu szukanie pisanek.<\/em><br \/>\n<em>Dzie\u0144 rozpocz\u0119li\u015bmy uroczystym \u015bniadaniem, a potem by\u0142a ju\u017c tylko pisankowo &#8211; \u015bwi\u0105teczna zabawa.<\/em><br \/>\n<em>\u017byczymy wszystkim Radosnych \u015awi\u0105t!<\/em><\/p>\n<p style=\"text-align: right\"><em>Aleksandra Janik<\/em><\/p>\n<p><em>Okres wielkanocny to czas poznawania przez przedszkolaki tradycji zwi\u0105zanych z obchodami \u015awi\u0105t Wielkiejnocy, ale najbardziej oczekiwan\u0105 tradycj\u0105 jest zabawa w szukanie pisanek pochowanych przez Zaj\u0105czka na terenach zielonych Naszej plac\u00f3wki. Zabawy by\u0142o jak zawsze co niemiara! \u017byczymy Wszystkim radosnych i s\u0142onecznych \u015awi\u0105t Wielkanocnych!<\/em><\/p>\n<p style=\"text-align: right\"><em>Katarzyna Szymanek<\/em><\/p>\nngg_shortcode_0_placeholder\n","protected":false},"excerpt":{"rendered":"<p>Przedszkolaki obchodzi\u0142y tradycyjne w naszym przedszkolu szukanie pisanek. Dzie\u0144 rozpocz\u0119li\u015bmy uroczystym \u015bniadaniem, a potem by\u0142a ju\u017c tylko pisankowo &#8211; \u015bwi\u0105teczna&#8230;<\/p>\n","protected":false},"author":2,"featured_media":15895,"comment_status":"open","ping_status":"open","sticky":false,"template":"","format":"standard","meta":{"inline_featured_image":false,"ngg_post_thumbnail":0,"footnotes":""},"categories":[33,4],"tags":[],"class_list":["post-15819","post","type-post","status-publish","format-standard","has-post-thumbnail","hentry","category-archiwum-pm7","category-wydarzenia"],"_links":{"self":[{"href":"https:\/\/zsp12.gliwice.pl\/pm7\/wp-json\/wp\/v2\/posts\/15819"}],"collection":[{"href":"https:\/\/zsp12.gliwice.pl\/pm7\/wp-json\/wp\/v2\/posts"}],"about":[{"href":"https:\/\/zsp12.gliwice.pl\/pm7\/wp-json\/wp\/v2\/types\/post"}],"author":[{"embeddable":true,"href":"https:\/\/zsp12.gliwice.pl\/pm7\/wp-json\/wp\/v2\/users\/2"}],"replies":[{"embeddable":true,"href":"https:\/\/zsp12.gliwice.pl\/pm7\/wp-json\/wp\/v2\/comments?post=15819"}],"version-history":[{"count":2,"href":"https:\/\/zsp12.gliwice.pl\/pm7\/wp-json\/wp\/v2\/posts\/15819\/revisions"}],"predecessor-version":[{"id":15897,"href":"https:\/\/zsp12.gliwice.pl\/pm7\/wp-json\/wp\/v2\/posts\/15819\/revisions\/15897"}],"wp:featuredmedia":[{"embeddable":true,"href":"https:\/\/zsp12.gliwice.pl\/pm7\/wp-json\/wp\/v2\/media\/15895"}],"wp:attachment":[{"href":"https:\/\/zsp12.gliwice.pl\/pm7\/wp-json\/wp\/v2\/media?parent=15819"}],"wp:term":[{"taxonomy":"category","embeddable":true,"href":"https:\/\/zsp12.gliwice.pl\/pm7\/wp-json\/wp\/v2\/categories?post=15819"},{"taxonomy":"post_tag","embeddable":true,"href":"https:\/\/zsp12.gliwice.pl\/pm7\/wp-json\/wp\/v2\/tags?post=15819"}],"curies":[{"name":"wp","href":"https:\/\/api.w.org\/{rel}","templated":true}]}}