{"id":15757,"date":"2024-03-27T18:40:30","date_gmt":"2024-03-27T17:40:30","guid":{"rendered":"https:\/\/zsp12.gliwice.pl\/pm7\/?p=15757"},"modified":"2025-06-03T07:16:31","modified_gmt":"2025-06-03T05:16:31","slug":"konkurs-na-wiosenne-przebranie-z-okazji-pierwszego-dnia-wiosny","status":"publish","type":"post","link":"https:\/\/zsp12.gliwice.pl\/pm7\/blog\/2024\/03\/27\/konkurs-na-wiosenne-przebranie-z-okazji-pierwszego-dnia-wiosny\/","title":{"rendered":"Konkurs na wiosenne przebranie z okazji pierwszego dnia wiosny"},"content":{"rendered":"<p><em>W zesz\u0142y pi\u0105tek w naszym przedszkolu odby\u0142 si\u0119 konkurs na wiosenne przebranie z okazji pierwszego dnia wiosny \ud83c\udf33\ud83d\udc9a\ud83d\udc90 W konkursie wzi\u0119\u0142o udzia\u0142 33 naszych przedszkolak\u00f3w. Wszyscy przygotowali przepi\u0119kne wiosenne stroje. Wszystkie grupy przedszkolne mia\u0142y swoich przedstawicieli w konkursie. Wszystkie dzieci zaprezentowa\u0142y swoje kostiumy podczas wiosennego pokazu mody. Wsp\u00f3lnie zrobili\u015bmy eksperyment badawczy z Marzann\u0105, ka\u017cdy przedszkolak mia\u0142 okazje zatopi\u0107 swoj\u0105 bibu\u0142ow\u0105 Marzann\u0119. W magiczny spos\u00f3b uzyskali\u015bmy pi\u0119kny zielony wiosenny kolor \ud83d\udc9a<\/em><\/p>\n<p style=\"text-align: right\"><em>Klaudia Sadowska<\/em><\/p>\nngg_shortcode_0_placeholder\n","protected":false},"excerpt":{"rendered":"<p>W zesz\u0142y pi\u0105tek w naszym przedszkolu odby\u0142 si\u0119 konkurs na wiosenne przebranie z okazji pierwszego dnia wiosny \ud83c\udf33\ud83d\udc9a\ud83d\udc90 W konkursie&#8230;<\/p>\n","protected":false},"author":2,"featured_media":15814,"comment_status":"open","ping_status":"open","sticky":false,"template":"","format":"standard","meta":{"inline_featured_image":false,"ngg_post_thumbnail":0,"footnotes":""},"categories":[33,4],"tags":[],"class_list":["post-15757","post","type-post","status-publish","format-standard","has-post-thumbnail","hentry","category-archiwum-pm7","category-wydarzenia"],"_links":{"self":[{"href":"https:\/\/zsp12.gliwice.pl\/pm7\/wp-json\/wp\/v2\/posts\/15757"}],"collection":[{"href":"https:\/\/zsp12.gliwice.pl\/pm7\/wp-json\/wp\/v2\/posts"}],"about":[{"href":"https:\/\/zsp12.gliwice.pl\/pm7\/wp-json\/wp\/v2\/types\/post"}],"author":[{"embeddable":true,"href":"https:\/\/zsp12.gliwice.pl\/pm7\/wp-json\/wp\/v2\/users\/2"}],"replies":[{"embeddable":true,"href":"https:\/\/zsp12.gliwice.pl\/pm7\/wp-json\/wp\/v2\/comments?post=15757"}],"version-history":[{"count":1,"href":"https:\/\/zsp12.gliwice.pl\/pm7\/wp-json\/wp\/v2\/posts\/15757\/revisions"}],"predecessor-version":[{"id":15815,"href":"https:\/\/zsp12.gliwice.pl\/pm7\/wp-json\/wp\/v2\/posts\/15757\/revisions\/15815"}],"wp:featuredmedia":[{"embeddable":true,"href":"https:\/\/zsp12.gliwice.pl\/pm7\/wp-json\/wp\/v2\/media\/15814"}],"wp:attachment":[{"href":"https:\/\/zsp12.gliwice.pl\/pm7\/wp-json\/wp\/v2\/media?parent=15757"}],"wp:term":[{"taxonomy":"category","embeddable":true,"href":"https:\/\/zsp12.gliwice.pl\/pm7\/wp-json\/wp\/v2\/categories?post=15757"},{"taxonomy":"post_tag","embeddable":true,"href":"https:\/\/zsp12.gliwice.pl\/pm7\/wp-json\/wp\/v2\/tags?post=15757"}],"curies":[{"name":"wp","href":"https:\/\/api.w.org\/{rel}","templated":true}]}}