{"id":15706,"date":"2024-03-25T20:40:59","date_gmt":"2024-03-25T19:40:59","guid":{"rendered":"https:\/\/zsp12.gliwice.pl\/pm7\/?p=15706"},"modified":"2025-06-03T07:16:31","modified_gmt":"2025-06-03T05:16:31","slug":"dzien-kolorowej-skarpetki-swiatowy-dzien-zespolu-downa","status":"publish","type":"post","link":"https:\/\/zsp12.gliwice.pl\/pm7\/blog\/2024\/03\/25\/dzien-kolorowej-skarpetki-swiatowy-dzien-zespolu-downa\/","title":{"rendered":"DZIE\u0143 KOLOROWEJ SKARPETKI \u2013 \u015aWIATOWY DZIE\u0143 ZESPO\u0141U DOWNA"},"content":{"rendered":"<p><em>W tamtym tygodniu przedszkolaki z naszego przedszkola ubra\u0142y kolorowe skarpetki by pokaza\u0107 nasz\u0105 solidarno\u015b\u0107 z z osobami z zespo\u0142em Downa \ud83e\udef6\ud83c\udffb\ud83e\udde6\u2665\ufe0f Zak\u0142adaj\u0105c tego dnia kolorowe skarpetki nie do pary okazujemy swoj\u0105 otwarto\u015b\u0107 wobec odmienno\u015bci ludzi. W tym dniu budowali\u015bmy poczucie warto\u015bci oraz tolerancji wobec wszystkich os\u00f3b z r\u00f3wnymi rodzajami niepe\u0142nosprawno\u015bci.&nbsp;<\/em><\/p>\n<p style=\"text-align: right\"><em>Klaudia Sadowska<\/em><\/p>\nngg_shortcode_0_placeholder\n","protected":false},"excerpt":{"rendered":"<p>W tamtym tygodniu przedszkolaki z naszego przedszkola ubra\u0142y kolorowe skarpetki by pokaza\u0107 nasz\u0105 solidarno\u015b\u0107 z z osobami z zespo\u0142em Downa&#8230;<\/p>\n","protected":false},"author":2,"featured_media":15720,"comment_status":"open","ping_status":"open","sticky":false,"template":"","format":"standard","meta":{"inline_featured_image":false,"ngg_post_thumbnail":0,"footnotes":""},"categories":[33,4],"tags":[],"class_list":["post-15706","post","type-post","status-publish","format-standard","has-post-thumbnail","hentry","category-archiwum-pm7","category-wydarzenia"],"_links":{"self":[{"href":"https:\/\/zsp12.gliwice.pl\/pm7\/wp-json\/wp\/v2\/posts\/15706"}],"collection":[{"href":"https:\/\/zsp12.gliwice.pl\/pm7\/wp-json\/wp\/v2\/posts"}],"about":[{"href":"https:\/\/zsp12.gliwice.pl\/pm7\/wp-json\/wp\/v2\/types\/post"}],"author":[{"embeddable":true,"href":"https:\/\/zsp12.gliwice.pl\/pm7\/wp-json\/wp\/v2\/users\/2"}],"replies":[{"embeddable":true,"href":"https:\/\/zsp12.gliwice.pl\/pm7\/wp-json\/wp\/v2\/comments?post=15706"}],"version-history":[{"count":1,"href":"https:\/\/zsp12.gliwice.pl\/pm7\/wp-json\/wp\/v2\/posts\/15706\/revisions"}],"predecessor-version":[{"id":15721,"href":"https:\/\/zsp12.gliwice.pl\/pm7\/wp-json\/wp\/v2\/posts\/15706\/revisions\/15721"}],"wp:featuredmedia":[{"embeddable":true,"href":"https:\/\/zsp12.gliwice.pl\/pm7\/wp-json\/wp\/v2\/media\/15720"}],"wp:attachment":[{"href":"https:\/\/zsp12.gliwice.pl\/pm7\/wp-json\/wp\/v2\/media?parent=15706"}],"wp:term":[{"taxonomy":"category","embeddable":true,"href":"https:\/\/zsp12.gliwice.pl\/pm7\/wp-json\/wp\/v2\/categories?post=15706"},{"taxonomy":"post_tag","embeddable":true,"href":"https:\/\/zsp12.gliwice.pl\/pm7\/wp-json\/wp\/v2\/tags?post=15706"}],"curies":[{"name":"wp","href":"https:\/\/api.w.org\/{rel}","templated":true}]}}