{"id":15647,"date":"2024-03-25T19:48:51","date_gmt":"2024-03-25T18:48:51","guid":{"rendered":"https:\/\/zsp12.gliwice.pl\/pm7\/?p=15647"},"modified":"2025-06-03T07:16:31","modified_gmt":"2025-06-03T05:16:31","slug":"przedszkolaki-w-teatrze-miejskim-wraz-z-mama-mu","status":"publish","type":"post","link":"https:\/\/zsp12.gliwice.pl\/pm7\/blog\/2024\/03\/25\/przedszkolaki-w-teatrze-miejskim-wraz-z-mama-mu\/","title":{"rendered":"Przedszkolaki w Teatrze Miejskim wraz z &#8220;Mam\u0105 Mu&#8221;"},"content":{"rendered":"<p><em>Czy \u017cycie krowy musi by\u0107 nudne? Ot\u00f3\u017c nie! Przekona\u0142y si\u0119 o tym nasze przedszkolaki podczas przedstawienia pt. \u201eMama Mu\u201d. Tytu\u0142owa bohaterka to krowa nietuzinkowa i niezwyk\u0142a, kt\u00f3ra dzi\u0119ki swojemu uporowi i wytrwa\u0142o\u015bci prze\u017cywa wiele przyg\u00f3d wraz ze swoim przyjacielem Panem Wron\u0105, kt\u00f3ry mimo tego \u017ce podchodzi do \u017cycia bardzo powa\u017cnie to jest ogromnym wsparciem dla g\u0142odnej przyg\u00f3d krowy. \ud83d\udc2e<\/em><\/p>\n<p style=\"text-align: right\"><em>Katarzyna Siwiec<\/em><\/p>\nngg_shortcode_0_placeholder\n","protected":false},"excerpt":{"rendered":"<p>Czy \u017cycie krowy musi by\u0107 nudne? Ot\u00f3\u017c nie! Przekona\u0142y si\u0119 o tym nasze przedszkolaki podczas przedstawienia pt. \u201eMama Mu\u201d. Tytu\u0142owa&#8230;<\/p>\n","protected":false},"author":2,"featured_media":15680,"comment_status":"open","ping_status":"open","sticky":false,"template":"","format":"standard","meta":{"inline_featured_image":false,"ngg_post_thumbnail":0,"footnotes":""},"categories":[33,4],"tags":[],"class_list":["post-15647","post","type-post","status-publish","format-standard","has-post-thumbnail","hentry","category-archiwum-pm7","category-wydarzenia"],"_links":{"self":[{"href":"https:\/\/zsp12.gliwice.pl\/pm7\/wp-json\/wp\/v2\/posts\/15647"}],"collection":[{"href":"https:\/\/zsp12.gliwice.pl\/pm7\/wp-json\/wp\/v2\/posts"}],"about":[{"href":"https:\/\/zsp12.gliwice.pl\/pm7\/wp-json\/wp\/v2\/types\/post"}],"author":[{"embeddable":true,"href":"https:\/\/zsp12.gliwice.pl\/pm7\/wp-json\/wp\/v2\/users\/2"}],"replies":[{"embeddable":true,"href":"https:\/\/zsp12.gliwice.pl\/pm7\/wp-json\/wp\/v2\/comments?post=15647"}],"version-history":[{"count":1,"href":"https:\/\/zsp12.gliwice.pl\/pm7\/wp-json\/wp\/v2\/posts\/15647\/revisions"}],"predecessor-version":[{"id":15681,"href":"https:\/\/zsp12.gliwice.pl\/pm7\/wp-json\/wp\/v2\/posts\/15647\/revisions\/15681"}],"wp:featuredmedia":[{"embeddable":true,"href":"https:\/\/zsp12.gliwice.pl\/pm7\/wp-json\/wp\/v2\/media\/15680"}],"wp:attachment":[{"href":"https:\/\/zsp12.gliwice.pl\/pm7\/wp-json\/wp\/v2\/media?parent=15647"}],"wp:term":[{"taxonomy":"category","embeddable":true,"href":"https:\/\/zsp12.gliwice.pl\/pm7\/wp-json\/wp\/v2\/categories?post=15647"},{"taxonomy":"post_tag","embeddable":true,"href":"https:\/\/zsp12.gliwice.pl\/pm7\/wp-json\/wp\/v2\/tags?post=15647"}],"curies":[{"name":"wp","href":"https:\/\/api.w.org\/{rel}","templated":true}]}}