{"id":11017,"date":"2023-03-21T19:35:19","date_gmt":"2023-03-21T18:35:19","guid":{"rendered":"https:\/\/zsp12.gliwice.pl\/pm7\/?p=11017"},"modified":"2023-06-13T13:25:21","modified_gmt":"2023-06-13T11:25:21","slug":"pierwszy-dzien-wiosny-u-podroznikow","status":"publish","type":"post","link":"https:\/\/zsp12.gliwice.pl\/pm7\/blog\/2023\/03\/21\/pierwszy-dzien-wiosny-u-podroznikow\/","title":{"rendered":"Pierwszy Dzie\u0144 Wiosny u Podr\u00f3\u017cnik\u00f3w"},"content":{"rendered":"<p><em>Czym powita\u0107 Ci\u0119 Wiosenko &#8230; s\u0142owami popularnej piosenki grupa &#8220;Podr\u00f3\u017cnik\u00f3w&#8221; rozpocz\u0119\u0142a pierwszy Dzie\u0144 Wiosny. Dzieci pozna\u0142y sposoby witania nowej pory roku, symbole odchodz\u0105cej zimy&nbsp; i oczekiwanej wiosny. Wykorzystuj\u0105c &#8220;okienko&#8221; pogodowe, chwil\u0119 bez deszczu, w barwnym korowodzie z Marzann\u0105 i Gaikiem przedszkolaki wysz\u0142y na ulic\u0119, aby z innymi przechodniami \u015bwi\u0119towa\u0107 rozpocz\u0119cie &#8220;zielonej&#8221; pory roku. Napotykanym po drodze osobom wr\u0119cza\u0142y symboliczne \u017conkile, odwiedzi\u0142y poblisk\u0105 aptek\u0119, zak\u0142ad fryzjerski, kwiaciarni\u0119 i dzieli\u0142y si\u0119 rado\u015bci\u0105. W kwiaciarni otrzyma\u0142y doniczk\u0119 z bratkami:), b\u0119dziemy o nie dba\u0107. Witamy Ci\u0119 Wiosno&nbsp;<img loading=\"lazy\" decoding=\"async\" class=\"an1\" src=\"https:\/\/fonts.gstatic.com\/s\/e\/notoemoji\/15.0\/1f337\/72.png\" alt=\"\ud83c\udf37\" width=\"16\" height=\"16\" data-emoji=\"\ud83c\udf37\" aria-label=\"\ud83c\udf37\"><img loading=\"lazy\" decoding=\"async\" class=\"an1\" src=\"https:\/\/fonts.gstatic.com\/s\/e\/notoemoji\/15.0\/2600\/72.png\" alt=\"\u2600\" width=\"16\" height=\"16\" data-emoji=\"\u2600\" aria-label=\"\u2600\"><img loading=\"lazy\" decoding=\"async\" class=\"an1\" src=\"https:\/\/fonts.gstatic.com\/s\/e\/notoemoji\/15.0\/1f426\/72.png\" alt=\"\ud83d\udc26\" width=\"16\" height=\"16\" data-emoji=\"\ud83d\udc26\" aria-label=\"\ud83d\udc26\"><\/em><\/p>\n<p style=\"text-align: right\"><em>Aleksandra Janik<\/em><\/p>\nngg_shortcode_0_placeholder\n","protected":false},"excerpt":{"rendered":"<p>Czym powita\u0107 Ci\u0119 Wiosenko &#8230; s\u0142owami popularnej piosenki grupa &#8220;Podr\u00f3\u017cnik\u00f3w&#8221; rozpocz\u0119\u0142a pierwszy Dzie\u0144 Wiosny. Dzieci pozna\u0142y sposoby witania nowej pory&#8230;<\/p>\n","protected":false},"author":2,"featured_media":11033,"comment_status":"open","ping_status":"open","sticky":false,"template":"","format":"standard","meta":{"inline_featured_image":false,"ngg_post_thumbnail":0,"footnotes":""},"categories":[33,4],"tags":[],"class_list":["post-11017","post","type-post","status-publish","format-standard","has-post-thumbnail","hentry","category-archiwum-pm7","category-wydarzenia"],"_links":{"self":[{"href":"https:\/\/zsp12.gliwice.pl\/pm7\/wp-json\/wp\/v2\/posts\/11017"}],"collection":[{"href":"https:\/\/zsp12.gliwice.pl\/pm7\/wp-json\/wp\/v2\/posts"}],"about":[{"href":"https:\/\/zsp12.gliwice.pl\/pm7\/wp-json\/wp\/v2\/types\/post"}],"author":[{"embeddable":true,"href":"https:\/\/zsp12.gliwice.pl\/pm7\/wp-json\/wp\/v2\/users\/2"}],"replies":[{"embeddable":true,"href":"https:\/\/zsp12.gliwice.pl\/pm7\/wp-json\/wp\/v2\/comments?post=11017"}],"version-history":[{"count":1,"href":"https:\/\/zsp12.gliwice.pl\/pm7\/wp-json\/wp\/v2\/posts\/11017\/revisions"}],"predecessor-version":[{"id":11034,"href":"https:\/\/zsp12.gliwice.pl\/pm7\/wp-json\/wp\/v2\/posts\/11017\/revisions\/11034"}],"wp:featuredmedia":[{"embeddable":true,"href":"https:\/\/zsp12.gliwice.pl\/pm7\/wp-json\/wp\/v2\/media\/11033"}],"wp:attachment":[{"href":"https:\/\/zsp12.gliwice.pl\/pm7\/wp-json\/wp\/v2\/media?parent=11017"}],"wp:term":[{"taxonomy":"category","embeddable":true,"href":"https:\/\/zsp12.gliwice.pl\/pm7\/wp-json\/wp\/v2\/categories?post=11017"},{"taxonomy":"post_tag","embeddable":true,"href":"https:\/\/zsp12.gliwice.pl\/pm7\/wp-json\/wp\/v2\/tags?post=11017"}],"curies":[{"name":"wp","href":"https:\/\/api.w.org\/{rel}","templated":true}]}}